{"id":6330,"date":"2026-04-29T16:35:09","date_gmt":"2026-04-29T14:35:09","guid":{"rendered":"https:\/\/stella-musikhochschule.ac.at\/celli-in-bewegung"},"modified":"2026-04-29T16:35:18","modified_gmt":"2026-04-29T14:35:18","slug":"celli-in-bewegung","status":"publish","type":"post","link":"https:\/\/stella-musikhochschule.ac.at\/en\/celli-in-bewegung","title":{"rendered":"Celli in Bewegung"},"content":{"rendered":"\n<figure class=\"wp-block-image alignfull size-full\"><img loading=\"lazy\" decoding=\"async\" width=\"1500\" height=\"998\" src=\"https:\/\/stella-musikhochschule.ac.at\/wp-content\/uploads\/2026\/04\/Z61_4405-1.jpg\" alt=\"\" class=\"wp-image-6329\" srcset=\"https:\/\/stella-musikhochschule.ac.at\/wp-content\/uploads\/2026\/04\/Z61_4405-1.jpg 1500w, https:\/\/stella-musikhochschule.ac.at\/wp-content\/uploads\/2026\/04\/Z61_4405-1-300x200.jpg 300w, https:\/\/stella-musikhochschule.ac.at\/wp-content\/uploads\/2026\/04\/Z61_4405-1-768x511.jpg 768w, https:\/\/stella-musikhochschule.ac.at\/wp-content\/uploads\/2026\/04\/Z61_4405-1-40x27.jpg 40w\" sizes=\"auto, (max-width: 1500px) 100vw, 1500px\" \/><\/figure>\n\n\n\n<div class=\"wp-block-columns is-layout-flex wp-container-core-columns-is-layout-9d6595d7 wp-block-columns-is-layout-flex\">\n<div class=\"wp-block-column is-layout-flow wp-block-column-is-layout-flow\" style=\"flex-basis:66.66%\">\n<p>Fr. 8. Mai, 19:30 Uhr<br>Villa Gr\u00fcnau Kennelbach<\/p>\n\n\n\n<p>Die Celloklasse von Prof. Mathias Johansen an der Stella Musikhochschule l\u00e4sst Astor Piazzollas \u00bbCuatro Estaciones Porte\u00f1as\u00ab lebendig werden \u2013 vier Jahreszeiten aus Buenos Aires, pulsierend im Klang der Celli.<\/p>\n\n\n\n<p>Die Studierenden f\u00fchren durch die Piazzolla-Welt, lassen Volkst\u00e4nze erklingen und erschaffen ber\u00fchrende Momente aus Theater und Film.<\/p>\n\n\n\n<p>Kartenvorverkauf: <a href=\"https:\/\/ticket.hexle.cloud\/shop\/kulturinkennelbach\">https:\/\/ticket.hexle.cloud\/shop\/kulturinkennelbach<\/a><\/p>\n<\/div>\n\n\n\n<div class=\"wp-block-column is-layout-flow wp-block-column-is-layout-flow\" style=\"flex-basis:33.33%\"><\/div>\n<\/div>\n","protected":false},"excerpt":{"rendered":"<p>Fr. 8. Mai, 19:30 UhrVilla Gr\u00fcnau Kennelbach Die Celloklasse von Prof. Mathias Johansen an der Stella Musikhochschule l\u00e4sst Astor Piazzollas \u00bbCuatro Estaciones Porte\u00f1as\u00ab lebendig werden \u2013 vier Jahreszeiten aus Buenos Aires, pulsierend im Klang der Celli. Die Studierenden f\u00fchren durch die Piazzolla-Welt, lassen Volkst\u00e4nze erklingen und erschaffen ber\u00fchrende Momente aus Theater und Film. Kartenvorverkauf: https:\/\/ticket.hexle.cloud\/shop\/kulturinkennelbach<\/p>\n","protected":false},"author":4,"featured_media":0,"comment_status":"open","ping_status":"closed","sticky":false,"template":"","format":"standard","meta":{"_acf_changed":false,"inline_featured_image":false,"footnotes":""},"categories":[1],"tags":[],"class_list":["post-6330","post","type-post","status-publish","format-standard","hentry","category-unkategorisiert"],"acf":[],"yoast_head":"<!-- This site is optimized with the Yoast SEO plugin v26.8 - https:\/\/yoast.com\/product\/yoast-seo-wordpress\/ -->\n<title>Celli in Bewegung - Stella Vorarlberg<\/title>\n<meta name=\"robots\" content=\"index, follow, max-snippet:-1, max-image-preview:large, max-video-preview:-1\" \/>\n<link rel=\"canonical\" href=\"https:\/\/stella-musikhochschule.ac.at\/en\/celli-in-bewegung\" \/>\n<meta property=\"og:locale\" content=\"en_US\" \/>\n<meta property=\"og:type\" content=\"article\" \/>\n<meta property=\"og:title\" content=\"Celli in Bewegung - Stella Vorarlberg\" \/>\n<meta property=\"og:description\" content=\"Fr. 8. Mai, 19:30 UhrVilla Gr\u00fcnau Kennelbach Die Celloklasse von Prof. Mathias Johansen an der Stella Musikhochschule l\u00e4sst Astor Piazzollas \u00bbCuatro Estaciones Porte\u00f1as\u00ab lebendig werden \u2013 vier Jahreszeiten aus Buenos Aires, pulsierend im Klang der Celli. Die Studierenden f\u00fchren durch die Piazzolla-Welt, lassen Volkst\u00e4nze erklingen und erschaffen ber\u00fchrende Momente aus Theater und Film. Kartenvorverkauf: https:\/\/ticket.hexle.cloud\/shop\/kulturinkennelbach\" \/>\n<meta property=\"og:url\" content=\"https:\/\/stella-musikhochschule.ac.at\/en\/celli-in-bewegung\" \/>\n<meta property=\"og:site_name\" content=\"Stella Vorarlberg\" \/>\n<meta property=\"article:publisher\" content=\"https:\/\/www.facebook.com\/stellamusikhochschule\" \/>\n<meta property=\"article:published_time\" content=\"2026-04-29T14:35:09+00:00\" \/>\n<meta property=\"article:modified_time\" content=\"2026-04-29T14:35:18+00:00\" \/>\n<meta property=\"og:image\" content=\"https:\/\/stella-musikhochschule.ac.at\/wp-content\/uploads\/2026\/04\/Z61_4405-1.jpg\" \/>\n\t<meta property=\"og:image:width\" content=\"1500\" \/>\n\t<meta property=\"og:image:height\" content=\"998\" \/>\n\t<meta property=\"og:image:type\" content=\"image\/jpeg\" \/>\n<meta name=\"author\" content=\"Victor Marin\" \/>\n<meta name=\"twitter:card\" content=\"summary_large_image\" \/>\n<meta name=\"twitter:label1\" content=\"Written by\" \/>\n\t<meta name=\"twitter:data1\" content=\"Victor Marin\" \/>\n\t<meta name=\"twitter:label2\" content=\"Est. reading time\" \/>\n\t<meta name=\"twitter:data2\" content=\"1 minute\" \/>\n<script type=\"application\/ld+json\" class=\"yoast-schema-graph\">{\"@context\":\"https:\/\/schema.org\",\"@graph\":[{\"@type\":\"Article\",\"@id\":\"https:\/\/stella-musikhochschule.ac.at\/en\/celli-in-bewegung#article\",\"isPartOf\":{\"@id\":\"https:\/\/stella-musikhochschule.ac.at\/en\/celli-in-bewegung\"},\"author\":{\"name\":\"Victor Marin\",\"@id\":\"https:\/\/stella-musikhochschule.ac.at\/#\/schema\/person\/1e574ac44f7050daa7fd23cb94228292\"},\"headline\":\"Celli in Bewegung\",\"datePublished\":\"2026-04-29T14:35:09+00:00\",\"dateModified\":\"2026-04-29T14:35:18+00:00\",\"mainEntityOfPage\":{\"@id\":\"https:\/\/stella-musikhochschule.ac.at\/en\/celli-in-bewegung\"},\"wordCount\":66,\"commentCount\":0,\"publisher\":{\"@id\":\"https:\/\/stella-musikhochschule.ac.at\/#organization\"},\"image\":{\"@id\":\"https:\/\/stella-musikhochschule.ac.at\/en\/celli-in-bewegung#primaryimage\"},\"thumbnailUrl\":\"https:\/\/stella-musikhochschule.ac.at\/wp-content\/uploads\/2026\/04\/Z61_4405-1.jpg\",\"articleSection\":[\"Unkategorisiert\"],\"inLanguage\":\"en-US\",\"potentialAction\":[{\"@type\":\"CommentAction\",\"name\":\"Comment\",\"target\":[\"https:\/\/stella-musikhochschule.ac.at\/en\/celli-in-bewegung#respond\"]}]},{\"@type\":\"WebPage\",\"@id\":\"https:\/\/stella-musikhochschule.ac.at\/en\/celli-in-bewegung\",\"url\":\"https:\/\/stella-musikhochschule.ac.at\/en\/celli-in-bewegung\",\"name\":\"Celli in Bewegung - Stella Vorarlberg\",\"isPartOf\":{\"@id\":\"https:\/\/stella-musikhochschule.ac.at\/#website\"},\"primaryImageOfPage\":{\"@id\":\"https:\/\/stella-musikhochschule.ac.at\/en\/celli-in-bewegung#primaryimage\"},\"image\":{\"@id\":\"https:\/\/stella-musikhochschule.ac.at\/en\/celli-in-bewegung#primaryimage\"},\"thumbnailUrl\":\"https:\/\/stella-musikhochschule.ac.at\/wp-content\/uploads\/2026\/04\/Z61_4405-1.jpg\",\"datePublished\":\"2026-04-29T14:35:09+00:00\",\"dateModified\":\"2026-04-29T14:35:18+00:00\",\"breadcrumb\":{\"@id\":\"https:\/\/stella-musikhochschule.ac.at\/en\/celli-in-bewegung#breadcrumb\"},\"inLanguage\":\"en-US\",\"potentialAction\":[{\"@type\":\"ReadAction\",\"target\":[\"https:\/\/stella-musikhochschule.ac.at\/en\/celli-in-bewegung\"]}]},{\"@type\":\"ImageObject\",\"inLanguage\":\"en-US\",\"@id\":\"https:\/\/stella-musikhochschule.ac.at\/en\/celli-in-bewegung#primaryimage\",\"url\":\"https:\/\/stella-musikhochschule.ac.at\/wp-content\/uploads\/2026\/04\/Z61_4405-1.jpg\",\"contentUrl\":\"https:\/\/stella-musikhochschule.ac.at\/wp-content\/uploads\/2026\/04\/Z61_4405-1.jpg\"},{\"@type\":\"BreadcrumbList\",\"@id\":\"https:\/\/stella-musikhochschule.ac.at\/en\/celli-in-bewegung#breadcrumb\",\"itemListElement\":[{\"@type\":\"ListItem\",\"position\":1,\"name\":\"Startseite\",\"item\":\"https:\/\/stella-musikhochschule.ac.at\/en\"},{\"@type\":\"ListItem\",\"position\":2,\"name\":\"Celli in Bewegung\"}]},{\"@type\":\"WebSite\",\"@id\":\"https:\/\/stella-musikhochschule.ac.at\/#website\",\"url\":\"https:\/\/stella-musikhochschule.ac.at\/\",\"name\":\"Stella Vorarlberg\",\"description\":\"Privathochschule f\u00fcr Musik\",\"publisher\":{\"@id\":\"https:\/\/stella-musikhochschule.ac.at\/#organization\"},\"potentialAction\":[{\"@type\":\"SearchAction\",\"target\":{\"@type\":\"EntryPoint\",\"urlTemplate\":\"https:\/\/stella-musikhochschule.ac.at\/?s={search_term_string}\"},\"query-input\":{\"@type\":\"PropertyValueSpecification\",\"valueRequired\":true,\"valueName\":\"search_term_string\"}}],\"inLanguage\":\"en-US\"},{\"@type\":\"Organization\",\"@id\":\"https:\/\/stella-musikhochschule.ac.at\/#organization\",\"name\":\"Stella Vorarlberg Privathochschule f\u00fcr Musik\",\"url\":\"https:\/\/stella-musikhochschule.ac.at\/\",\"logo\":{\"@type\":\"ImageObject\",\"inLanguage\":\"en-US\",\"@id\":\"https:\/\/stella-musikhochschule.ac.at\/#\/schema\/logo\/image\/\",\"url\":\"https:\/\/stella-musikhochschule.ac.at\/wp-content\/uploads\/2023\/01\/logo-zusatz.svg\",\"contentUrl\":\"https:\/\/stella-musikhochschule.ac.at\/wp-content\/uploads\/2023\/01\/logo-zusatz.svg\",\"width\":108,\"height\":57,\"caption\":\"Stella Vorarlberg Privathochschule f\u00fcr Musik\"},\"image\":{\"@id\":\"https:\/\/stella-musikhochschule.ac.at\/#\/schema\/logo\/image\/\"},\"sameAs\":[\"https:\/\/www.facebook.com\/stellamusikhochschule\",\"http:\/\/www.instagram.com\/stellamusikhochschule\",\"https:\/\/www.youtube.com\/channel\/UCOzOrROMt11QxTxkjmY6NKg\",\"https:\/\/www.tiktok.com\/@stellamusikhochschule\",\"https:\/\/open.spotify.com\/user\/31fs43ork2u3njhtilofu2bk7tue?si=fe62738c70524caa\"]},{\"@type\":\"Person\",\"@id\":\"https:\/\/stella-musikhochschule.ac.at\/#\/schema\/person\/1e574ac44f7050daa7fd23cb94228292\",\"name\":\"Victor Marin\",\"image\":{\"@type\":\"ImageObject\",\"inLanguage\":\"en-US\",\"@id\":\"https:\/\/stella-musikhochschule.ac.at\/#\/schema\/person\/image\/\",\"url\":\"https:\/\/secure.gravatar.com\/avatar\/f8189638f3a03b7822b382425da0318468569fe40d5fbb547d7629eaa2573a21?s=96&d=mm&r=g\",\"contentUrl\":\"https:\/\/secure.gravatar.com\/avatar\/f8189638f3a03b7822b382425da0318468569fe40d5fbb547d7629eaa2573a21?s=96&d=mm&r=g\",\"caption\":\"Victor Marin\"},\"url\":\"https:\/\/stella-musikhochschule.ac.at\/en\/author\/57a6baf9f34cdf4f\"}]}<\/script>\n<!-- \/ Yoast SEO plugin. -->","yoast_head_json":{"title":"Celli in Bewegung - Stella Vorarlberg","robots":{"index":"index","follow":"follow","max-snippet":"max-snippet:-1","max-image-preview":"max-image-preview:large","max-video-preview":"max-video-preview:-1"},"canonical":"https:\/\/stella-musikhochschule.ac.at\/en\/celli-in-bewegung","og_locale":"en_US","og_type":"article","og_title":"Celli in Bewegung - Stella Vorarlberg","og_description":"Fr. 8. Mai, 19:30 UhrVilla Gr\u00fcnau Kennelbach Die Celloklasse von Prof. Mathias Johansen an der Stella Musikhochschule l\u00e4sst Astor Piazzollas \u00bbCuatro Estaciones Porte\u00f1as\u00ab lebendig werden \u2013 vier Jahreszeiten aus Buenos Aires, pulsierend im Klang der Celli. Die Studierenden f\u00fchren durch die Piazzolla-Welt, lassen Volkst\u00e4nze erklingen und erschaffen ber\u00fchrende Momente aus Theater und Film. Kartenvorverkauf: https:\/\/ticket.hexle.cloud\/shop\/kulturinkennelbach","og_url":"https:\/\/stella-musikhochschule.ac.at\/en\/celli-in-bewegung","og_site_name":"Stella Vorarlberg","article_publisher":"https:\/\/www.facebook.com\/stellamusikhochschule","article_published_time":"2026-04-29T14:35:09+00:00","article_modified_time":"2026-04-29T14:35:18+00:00","og_image":[{"width":1500,"height":998,"url":"https:\/\/stella-musikhochschule.ac.at\/wp-content\/uploads\/2026\/04\/Z61_4405-1.jpg","type":"image\/jpeg"}],"author":"Victor Marin","twitter_card":"summary_large_image","twitter_misc":{"Written by":"Victor Marin","Est. reading time":"1 minute"},"schema":{"@context":"https:\/\/schema.org","@graph":[{"@type":"Article","@id":"https:\/\/stella-musikhochschule.ac.at\/en\/celli-in-bewegung#article","isPartOf":{"@id":"https:\/\/stella-musikhochschule.ac.at\/en\/celli-in-bewegung"},"author":{"name":"Victor Marin","@id":"https:\/\/stella-musikhochschule.ac.at\/#\/schema\/person\/1e574ac44f7050daa7fd23cb94228292"},"headline":"Celli in Bewegung","datePublished":"2026-04-29T14:35:09+00:00","dateModified":"2026-04-29T14:35:18+00:00","mainEntityOfPage":{"@id":"https:\/\/stella-musikhochschule.ac.at\/en\/celli-in-bewegung"},"wordCount":66,"commentCount":0,"publisher":{"@id":"https:\/\/stella-musikhochschule.ac.at\/#organization"},"image":{"@id":"https:\/\/stella-musikhochschule.ac.at\/en\/celli-in-bewegung#primaryimage"},"thumbnailUrl":"https:\/\/stella-musikhochschule.ac.at\/wp-content\/uploads\/2026\/04\/Z61_4405-1.jpg","articleSection":["Unkategorisiert"],"inLanguage":"en-US","potentialAction":[{"@type":"CommentAction","name":"Comment","target":["https:\/\/stella-musikhochschule.ac.at\/en\/celli-in-bewegung#respond"]}]},{"@type":"WebPage","@id":"https:\/\/stella-musikhochschule.ac.at\/en\/celli-in-bewegung","url":"https:\/\/stella-musikhochschule.ac.at\/en\/celli-in-bewegung","name":"Celli in Bewegung - Stella Vorarlberg","isPartOf":{"@id":"https:\/\/stella-musikhochschule.ac.at\/#website"},"primaryImageOfPage":{"@id":"https:\/\/stella-musikhochschule.ac.at\/en\/celli-in-bewegung#primaryimage"},"image":{"@id":"https:\/\/stella-musikhochschule.ac.at\/en\/celli-in-bewegung#primaryimage"},"thumbnailUrl":"https:\/\/stella-musikhochschule.ac.at\/wp-content\/uploads\/2026\/04\/Z61_4405-1.jpg","datePublished":"2026-04-29T14:35:09+00:00","dateModified":"2026-04-29T14:35:18+00:00","breadcrumb":{"@id":"https:\/\/stella-musikhochschule.ac.at\/en\/celli-in-bewegung#breadcrumb"},"inLanguage":"en-US","potentialAction":[{"@type":"ReadAction","target":["https:\/\/stella-musikhochschule.ac.at\/en\/celli-in-bewegung"]}]},{"@type":"ImageObject","inLanguage":"en-US","@id":"https:\/\/stella-musikhochschule.ac.at\/en\/celli-in-bewegung#primaryimage","url":"https:\/\/stella-musikhochschule.ac.at\/wp-content\/uploads\/2026\/04\/Z61_4405-1.jpg","contentUrl":"https:\/\/stella-musikhochschule.ac.at\/wp-content\/uploads\/2026\/04\/Z61_4405-1.jpg"},{"@type":"BreadcrumbList","@id":"https:\/\/stella-musikhochschule.ac.at\/en\/celli-in-bewegung#breadcrumb","itemListElement":[{"@type":"ListItem","position":1,"name":"Startseite","item":"https:\/\/stella-musikhochschule.ac.at\/en"},{"@type":"ListItem","position":2,"name":"Celli in Bewegung"}]},{"@type":"WebSite","@id":"https:\/\/stella-musikhochschule.ac.at\/#website","url":"https:\/\/stella-musikhochschule.ac.at\/","name":"Stella Vorarlberg","description":"Privathochschule f\u00fcr Musik","publisher":{"@id":"https:\/\/stella-musikhochschule.ac.at\/#organization"},"potentialAction":[{"@type":"SearchAction","target":{"@type":"EntryPoint","urlTemplate":"https:\/\/stella-musikhochschule.ac.at\/?s={search_term_string}"},"query-input":{"@type":"PropertyValueSpecification","valueRequired":true,"valueName":"search_term_string"}}],"inLanguage":"en-US"},{"@type":"Organization","@id":"https:\/\/stella-musikhochschule.ac.at\/#organization","name":"Stella Vorarlberg Privathochschule f\u00fcr Musik","url":"https:\/\/stella-musikhochschule.ac.at\/","logo":{"@type":"ImageObject","inLanguage":"en-US","@id":"https:\/\/stella-musikhochschule.ac.at\/#\/schema\/logo\/image\/","url":"https:\/\/stella-musikhochschule.ac.at\/wp-content\/uploads\/2023\/01\/logo-zusatz.svg","contentUrl":"https:\/\/stella-musikhochschule.ac.at\/wp-content\/uploads\/2023\/01\/logo-zusatz.svg","width":108,"height":57,"caption":"Stella Vorarlberg Privathochschule f\u00fcr Musik"},"image":{"@id":"https:\/\/stella-musikhochschule.ac.at\/#\/schema\/logo\/image\/"},"sameAs":["https:\/\/www.facebook.com\/stellamusikhochschule","http:\/\/www.instagram.com\/stellamusikhochschule","https:\/\/www.youtube.com\/channel\/UCOzOrROMt11QxTxkjmY6NKg","https:\/\/www.tiktok.com\/@stellamusikhochschule","https:\/\/open.spotify.com\/user\/31fs43ork2u3njhtilofu2bk7tue?si=fe62738c70524caa"]},{"@type":"Person","@id":"https:\/\/stella-musikhochschule.ac.at\/#\/schema\/person\/1e574ac44f7050daa7fd23cb94228292","name":"Victor Marin","image":{"@type":"ImageObject","inLanguage":"en-US","@id":"https:\/\/stella-musikhochschule.ac.at\/#\/schema\/person\/image\/","url":"https:\/\/secure.gravatar.com\/avatar\/f8189638f3a03b7822b382425da0318468569fe40d5fbb547d7629eaa2573a21?s=96&d=mm&r=g","contentUrl":"https:\/\/secure.gravatar.com\/avatar\/f8189638f3a03b7822b382425da0318468569fe40d5fbb547d7629eaa2573a21?s=96&d=mm&r=g","caption":"Victor Marin"},"url":"https:\/\/stella-musikhochschule.ac.at\/en\/author\/57a6baf9f34cdf4f"}]}},"_links":{"self":[{"href":"https:\/\/stella-musikhochschule.ac.at\/en\/wp-json\/wp\/v2\/posts\/6330","targetHints":{"allow":["GET"]}}],"collection":[{"href":"https:\/\/stella-musikhochschule.ac.at\/en\/wp-json\/wp\/v2\/posts"}],"about":[{"href":"https:\/\/stella-musikhochschule.ac.at\/en\/wp-json\/wp\/v2\/types\/post"}],"author":[{"embeddable":true,"href":"https:\/\/stella-musikhochschule.ac.at\/en\/wp-json\/wp\/v2\/users\/4"}],"replies":[{"embeddable":true,"href":"https:\/\/stella-musikhochschule.ac.at\/en\/wp-json\/wp\/v2\/comments?post=6330"}],"version-history":[{"count":0,"href":"https:\/\/stella-musikhochschule.ac.at\/en\/wp-json\/wp\/v2\/posts\/6330\/revisions"}],"wp:attachment":[{"href":"https:\/\/stella-musikhochschule.ac.at\/en\/wp-json\/wp\/v2\/media?parent=6330"}],"wp:term":[{"taxonomy":"category","embeddable":true,"href":"https:\/\/stella-musikhochschule.ac.at\/en\/wp-json\/wp\/v2\/categories?post=6330"},{"taxonomy":"post_tag","embeddable":true,"href":"https:\/\/stella-musikhochschule.ac.at\/en\/wp-json\/wp\/v2\/tags?post=6330"}],"curies":[{"name":"wp","href":"https:\/\/api.w.org\/{rel}","templated":true}]}}