{"id":6265,"date":"2026-04-30T13:20:00","date_gmt":"2026-04-30T11:20:00","guid":{"rendered":"https:\/\/stella-musikhochschule.ac.at\/test"},"modified":"2026-04-30T13:18:29","modified_gmt":"2026-04-30T11:18:29","slug":"test","status":"publish","type":"post","link":"https:\/\/stella-musikhochschule.ac.at\/en\/test","title":{"rendered":"Meisterkurs Gitarre mit Prof.in Antigoni Goni"},"content":{"rendered":"\n<figure class=\"wp-block-image alignfull size-full\"><img loading=\"lazy\" decoding=\"async\" width=\"944\" height=\"710\" src=\"https:\/\/stella-musikhochschule.ac.at\/wp-content\/uploads\/2026\/04\/Vorlage-News-Erasmus-Kopie.jpg\" alt=\"\" class=\"wp-image-6261\" srcset=\"https:\/\/stella-musikhochschule.ac.at\/wp-content\/uploads\/2026\/04\/Vorlage-News-Erasmus-Kopie.jpg 944w, https:\/\/stella-musikhochschule.ac.at\/wp-content\/uploads\/2026\/04\/Vorlage-News-Erasmus-Kopie-300x226.jpg 300w, https:\/\/stella-musikhochschule.ac.at\/wp-content\/uploads\/2026\/04\/Vorlage-News-Erasmus-Kopie-768x578.jpg 768w, https:\/\/stella-musikhochschule.ac.at\/wp-content\/uploads\/2026\/04\/Vorlage-News-Erasmus-Kopie-40x30.jpg 40w\" sizes=\"auto, (max-width: 944px) 100vw, 944px\" \/><\/figure>\n\n\n\n<div class=\"wp-block-columns is-layout-flex wp-container-core-columns-is-layout-9d6595d7 wp-block-columns-is-layout-flex\">\n<div class=\"wp-block-column is-layout-flow wp-block-column-is-layout-flow\" style=\"flex-basis:66.66%\">\n<p>Eine der renommiertesten Gitarrist*innen weltweit \u2013 t\u00e4tig am Royal Conservatoire in Br\u00fcssel und zu Gast von der Erasmus Brussels University of Applied Sciences and Arts, Br\u00fcssel.<\/p>\n\n\n\n<p>12. \u2013 15. Mai 2026<br>12. Mai, 15 \u2013 18 Uhr (Kleiner Saal)<br>13. Mai, 11.30 \u2013 13 Uhr und 15-18 Uhr (Kleiner Saal)<br>14. Mai, 10-13 Uhr (Kleiner Saal)<br>15. Mai, 10-13 Uhr (Raum 414)<\/p>\n\n\n\n<p>Am 13. Mai findet von 10 \u2013 11.30 Uhr im Rahmen des Meisterkurses der Workshop \u00bbStrategic Practice and Career Development\u00ab mit Eleonora Peretta, Assistentin von Prof.in Goni, statt.<\/p>\n<\/div>\n\n\n\n<div class=\"wp-block-column is-layout-flow wp-block-column-is-layout-flow\" style=\"flex-basis:33.33%\">\n<hr class=\"wp-block-separator has-alpha-channel-opacity\"\/>\n\n\n\n<p><strong>Weitere Informationen und Anmeldung<\/strong><br>Augustin Wiedemann<\/p>\n\n\n\n<p class=\"has-small-font-size\"><a href=\"mailto:sophia.schambeck@stella-musikhochschule.ac.at\">Ema<\/a><a href=\"mailto:augustin.wiedemann@stella-musikhochschule.ac.at\">il senden<\/a><\/p>\n<\/div>\n<\/div>\n","protected":false},"excerpt":{"rendered":"<p>Eine der renommiertesten Gitarrist*innen weltweit \u2013 t\u00e4tig am Royal Conservatoire in Br\u00fcssel und zu Gast von der Erasmus Brussels University of Applied Sciences and Arts, Br\u00fcssel. 12. \u2013 15. Mai 202612. Mai, 15 \u2013 18 Uhr (Kleiner Saal)13. Mai, 11.30 \u2013 13 Uhr und 15-18 Uhr (Kleiner Saal)14. Mai, 10-13 Uhr (Kleiner Saal)15. Mai, 10-13 [&hellip;]<\/p>\n","protected":false},"author":4,"featured_media":6261,"comment_status":"open","ping_status":"closed","sticky":false,"template":"","format":"standard","meta":{"_acf_changed":false,"inline_featured_image":false,"footnotes":""},"categories":[1],"tags":[],"class_list":["post-6265","post","type-post","status-publish","format-standard","has-post-thumbnail","hentry","category-unkategorisiert"],"acf":[],"yoast_head":"<!-- This site is optimized with the Yoast SEO plugin v26.8 - https:\/\/yoast.com\/product\/yoast-seo-wordpress\/ -->\n<title>Meisterkurs Gitarre mit Prof.in Antigoni Goni - Stella Vorarlberg<\/title>\n<meta name=\"robots\" content=\"index, follow, max-snippet:-1, max-image-preview:large, max-video-preview:-1\" \/>\n<link rel=\"canonical\" href=\"https:\/\/stella-musikhochschule.ac.at\/test\" \/>\n<meta property=\"og:locale\" content=\"en_US\" \/>\n<meta property=\"og:type\" content=\"article\" \/>\n<meta property=\"og:title\" content=\"Meisterkurs Gitarre mit Prof.in Antigoni Goni - Stella Vorarlberg\" \/>\n<meta property=\"og:description\" content=\"Eine der renommiertesten Gitarrist*innen weltweit \u2013 t\u00e4tig am Royal Conservatoire in Br\u00fcssel und zu Gast von der Erasmus Brussels University of Applied Sciences and Arts, Br\u00fcssel. 12. \u2013 15. Mai 202612. Mai, 15 \u2013 18 Uhr (Kleiner Saal)13. Mai, 11.30 \u2013 13 Uhr und 15-18 Uhr (Kleiner Saal)14. Mai, 10-13 Uhr (Kleiner Saal)15. Mai, 10-13 [&hellip;]\" \/>\n<meta property=\"og:url\" content=\"https:\/\/stella-musikhochschule.ac.at\/test\" \/>\n<meta property=\"og:site_name\" content=\"Stella Vorarlberg\" \/>\n<meta property=\"article:publisher\" content=\"https:\/\/www.facebook.com\/stellamusikhochschule\" \/>\n<meta property=\"article:published_time\" content=\"2026-04-30T11:20:00+00:00\" \/>\n<meta property=\"og:image\" content=\"https:\/\/stella-musikhochschule.ac.at\/wp-content\/uploads\/2026\/04\/Vorlage-News-Erasmus-Kopie.jpg\" \/>\n\t<meta property=\"og:image:width\" content=\"944\" \/>\n\t<meta property=\"og:image:height\" content=\"710\" \/>\n\t<meta property=\"og:image:type\" content=\"image\/jpeg\" \/>\n<meta name=\"author\" content=\"Victor Marin\" \/>\n<meta name=\"twitter:card\" content=\"summary_large_image\" \/>\n<meta name=\"twitter:label1\" content=\"Written by\" \/>\n\t<meta name=\"twitter:data1\" content=\"Victor Marin\" \/>\n\t<meta name=\"twitter:label2\" content=\"Est. reading time\" \/>\n\t<meta name=\"twitter:data2\" content=\"1 minute\" \/>\n<script type=\"application\/ld+json\" class=\"yoast-schema-graph\">{\"@context\":\"https:\/\/schema.org\",\"@graph\":[{\"@type\":\"Article\",\"@id\":\"https:\/\/stella-musikhochschule.ac.at\/test#article\",\"isPartOf\":{\"@id\":\"https:\/\/stella-musikhochschule.ac.at\/test\"},\"author\":{\"name\":\"Victor Marin\",\"@id\":\"https:\/\/stella-musikhochschule.ac.at\/#\/schema\/person\/1e574ac44f7050daa7fd23cb94228292\"},\"headline\":\"Meisterkurs Gitarre mit Prof.in Antigoni Goni\",\"datePublished\":\"2026-04-30T11:20:00+00:00\",\"mainEntityOfPage\":{\"@id\":\"https:\/\/stella-musikhochschule.ac.at\/test\"},\"wordCount\":91,\"commentCount\":0,\"publisher\":{\"@id\":\"https:\/\/stella-musikhochschule.ac.at\/#organization\"},\"image\":{\"@id\":\"https:\/\/stella-musikhochschule.ac.at\/test#primaryimage\"},\"thumbnailUrl\":\"https:\/\/stella-musikhochschule.ac.at\/wp-content\/uploads\/2026\/04\/Vorlage-News-Erasmus-Kopie.jpg\",\"articleSection\":[\"Unkategorisiert\"],\"inLanguage\":\"en-US\",\"potentialAction\":[{\"@type\":\"CommentAction\",\"name\":\"Comment\",\"target\":[\"https:\/\/stella-musikhochschule.ac.at\/test#respond\"]}]},{\"@type\":\"WebPage\",\"@id\":\"https:\/\/stella-musikhochschule.ac.at\/test\",\"url\":\"https:\/\/stella-musikhochschule.ac.at\/test\",\"name\":\"Meisterkurs Gitarre mit Prof.in Antigoni Goni - Stella Vorarlberg\",\"isPartOf\":{\"@id\":\"https:\/\/stella-musikhochschule.ac.at\/#website\"},\"primaryImageOfPage\":{\"@id\":\"https:\/\/stella-musikhochschule.ac.at\/test#primaryimage\"},\"image\":{\"@id\":\"https:\/\/stella-musikhochschule.ac.at\/test#primaryimage\"},\"thumbnailUrl\":\"https:\/\/stella-musikhochschule.ac.at\/wp-content\/uploads\/2026\/04\/Vorlage-News-Erasmus-Kopie.jpg\",\"datePublished\":\"2026-04-30T11:20:00+00:00\",\"breadcrumb\":{\"@id\":\"https:\/\/stella-musikhochschule.ac.at\/test#breadcrumb\"},\"inLanguage\":\"en-US\",\"potentialAction\":[{\"@type\":\"ReadAction\",\"target\":[\"https:\/\/stella-musikhochschule.ac.at\/test\"]}]},{\"@type\":\"ImageObject\",\"inLanguage\":\"en-US\",\"@id\":\"https:\/\/stella-musikhochschule.ac.at\/test#primaryimage\",\"url\":\"https:\/\/stella-musikhochschule.ac.at\/wp-content\/uploads\/2026\/04\/Vorlage-News-Erasmus-Kopie.jpg\",\"contentUrl\":\"https:\/\/stella-musikhochschule.ac.at\/wp-content\/uploads\/2026\/04\/Vorlage-News-Erasmus-Kopie.jpg\",\"width\":944,\"height\":710},{\"@type\":\"BreadcrumbList\",\"@id\":\"https:\/\/stella-musikhochschule.ac.at\/test#breadcrumb\",\"itemListElement\":[{\"@type\":\"ListItem\",\"position\":1,\"name\":\"Startseite\",\"item\":\"https:\/\/stella-musikhochschule.ac.at\/en\"},{\"@type\":\"ListItem\",\"position\":2,\"name\":\"Meisterkurs Gitarre mit Prof.in Antigoni Goni\"}]},{\"@type\":\"WebSite\",\"@id\":\"https:\/\/stella-musikhochschule.ac.at\/#website\",\"url\":\"https:\/\/stella-musikhochschule.ac.at\/\",\"name\":\"Stella Vorarlberg\",\"description\":\"Privathochschule f\u00fcr Musik\",\"publisher\":{\"@id\":\"https:\/\/stella-musikhochschule.ac.at\/#organization\"},\"potentialAction\":[{\"@type\":\"SearchAction\",\"target\":{\"@type\":\"EntryPoint\",\"urlTemplate\":\"https:\/\/stella-musikhochschule.ac.at\/?s={search_term_string}\"},\"query-input\":{\"@type\":\"PropertyValueSpecification\",\"valueRequired\":true,\"valueName\":\"search_term_string\"}}],\"inLanguage\":\"en-US\"},{\"@type\":\"Organization\",\"@id\":\"https:\/\/stella-musikhochschule.ac.at\/#organization\",\"name\":\"Stella Vorarlberg Privathochschule f\u00fcr Musik\",\"url\":\"https:\/\/stella-musikhochschule.ac.at\/\",\"logo\":{\"@type\":\"ImageObject\",\"inLanguage\":\"en-US\",\"@id\":\"https:\/\/stella-musikhochschule.ac.at\/#\/schema\/logo\/image\/\",\"url\":\"https:\/\/stella-musikhochschule.ac.at\/wp-content\/uploads\/2023\/01\/logo-zusatz.svg\",\"contentUrl\":\"https:\/\/stella-musikhochschule.ac.at\/wp-content\/uploads\/2023\/01\/logo-zusatz.svg\",\"width\":108,\"height\":57,\"caption\":\"Stella Vorarlberg Privathochschule f\u00fcr Musik\"},\"image\":{\"@id\":\"https:\/\/stella-musikhochschule.ac.at\/#\/schema\/logo\/image\/\"},\"sameAs\":[\"https:\/\/www.facebook.com\/stellamusikhochschule\",\"http:\/\/www.instagram.com\/stellamusikhochschule\",\"https:\/\/www.youtube.com\/channel\/UCOzOrROMt11QxTxkjmY6NKg\",\"https:\/\/www.tiktok.com\/@stellamusikhochschule\",\"https:\/\/open.spotify.com\/user\/31fs43ork2u3njhtilofu2bk7tue?si=fe62738c70524caa\"]},{\"@type\":\"Person\",\"@id\":\"https:\/\/stella-musikhochschule.ac.at\/#\/schema\/person\/1e574ac44f7050daa7fd23cb94228292\",\"name\":\"Victor Marin\",\"image\":{\"@type\":\"ImageObject\",\"inLanguage\":\"en-US\",\"@id\":\"https:\/\/stella-musikhochschule.ac.at\/#\/schema\/person\/image\/\",\"url\":\"https:\/\/secure.gravatar.com\/avatar\/f8189638f3a03b7822b382425da0318468569fe40d5fbb547d7629eaa2573a21?s=96&d=mm&r=g\",\"contentUrl\":\"https:\/\/secure.gravatar.com\/avatar\/f8189638f3a03b7822b382425da0318468569fe40d5fbb547d7629eaa2573a21?s=96&d=mm&r=g\",\"caption\":\"Victor Marin\"},\"url\":\"https:\/\/stella-musikhochschule.ac.at\/en\/author\/57a6baf9f34cdf4f\"}]}<\/script>\n<!-- \/ Yoast SEO plugin. -->","yoast_head_json":{"title":"Meisterkurs Gitarre mit Prof.in Antigoni Goni - Stella Vorarlberg","robots":{"index":"index","follow":"follow","max-snippet":"max-snippet:-1","max-image-preview":"max-image-preview:large","max-video-preview":"max-video-preview:-1"},"canonical":"https:\/\/stella-musikhochschule.ac.at\/test","og_locale":"en_US","og_type":"article","og_title":"Meisterkurs Gitarre mit Prof.in Antigoni Goni - Stella Vorarlberg","og_description":"Eine der renommiertesten Gitarrist*innen weltweit \u2013 t\u00e4tig am Royal Conservatoire in Br\u00fcssel und zu Gast von der Erasmus Brussels University of Applied Sciences and Arts, Br\u00fcssel. 12. \u2013 15. Mai 202612. Mai, 15 \u2013 18 Uhr (Kleiner Saal)13. Mai, 11.30 \u2013 13 Uhr und 15-18 Uhr (Kleiner Saal)14. Mai, 10-13 Uhr (Kleiner Saal)15. Mai, 10-13 [&hellip;]","og_url":"https:\/\/stella-musikhochschule.ac.at\/test","og_site_name":"Stella Vorarlberg","article_publisher":"https:\/\/www.facebook.com\/stellamusikhochschule","article_published_time":"2026-04-30T11:20:00+00:00","og_image":[{"width":944,"height":710,"url":"https:\/\/stella-musikhochschule.ac.at\/wp-content\/uploads\/2026\/04\/Vorlage-News-Erasmus-Kopie.jpg","type":"image\/jpeg"}],"author":"Victor Marin","twitter_card":"summary_large_image","twitter_misc":{"Written by":"Victor Marin","Est. reading time":"1 minute"},"schema":{"@context":"https:\/\/schema.org","@graph":[{"@type":"Article","@id":"https:\/\/stella-musikhochschule.ac.at\/test#article","isPartOf":{"@id":"https:\/\/stella-musikhochschule.ac.at\/test"},"author":{"name":"Victor Marin","@id":"https:\/\/stella-musikhochschule.ac.at\/#\/schema\/person\/1e574ac44f7050daa7fd23cb94228292"},"headline":"Meisterkurs Gitarre mit Prof.in Antigoni Goni","datePublished":"2026-04-30T11:20:00+00:00","mainEntityOfPage":{"@id":"https:\/\/stella-musikhochschule.ac.at\/test"},"wordCount":91,"commentCount":0,"publisher":{"@id":"https:\/\/stella-musikhochschule.ac.at\/#organization"},"image":{"@id":"https:\/\/stella-musikhochschule.ac.at\/test#primaryimage"},"thumbnailUrl":"https:\/\/stella-musikhochschule.ac.at\/wp-content\/uploads\/2026\/04\/Vorlage-News-Erasmus-Kopie.jpg","articleSection":["Unkategorisiert"],"inLanguage":"en-US","potentialAction":[{"@type":"CommentAction","name":"Comment","target":["https:\/\/stella-musikhochschule.ac.at\/test#respond"]}]},{"@type":"WebPage","@id":"https:\/\/stella-musikhochschule.ac.at\/test","url":"https:\/\/stella-musikhochschule.ac.at\/test","name":"Meisterkurs Gitarre mit Prof.in Antigoni Goni - Stella Vorarlberg","isPartOf":{"@id":"https:\/\/stella-musikhochschule.ac.at\/#website"},"primaryImageOfPage":{"@id":"https:\/\/stella-musikhochschule.ac.at\/test#primaryimage"},"image":{"@id":"https:\/\/stella-musikhochschule.ac.at\/test#primaryimage"},"thumbnailUrl":"https:\/\/stella-musikhochschule.ac.at\/wp-content\/uploads\/2026\/04\/Vorlage-News-Erasmus-Kopie.jpg","datePublished":"2026-04-30T11:20:00+00:00","breadcrumb":{"@id":"https:\/\/stella-musikhochschule.ac.at\/test#breadcrumb"},"inLanguage":"en-US","potentialAction":[{"@type":"ReadAction","target":["https:\/\/stella-musikhochschule.ac.at\/test"]}]},{"@type":"ImageObject","inLanguage":"en-US","@id":"https:\/\/stella-musikhochschule.ac.at\/test#primaryimage","url":"https:\/\/stella-musikhochschule.ac.at\/wp-content\/uploads\/2026\/04\/Vorlage-News-Erasmus-Kopie.jpg","contentUrl":"https:\/\/stella-musikhochschule.ac.at\/wp-content\/uploads\/2026\/04\/Vorlage-News-Erasmus-Kopie.jpg","width":944,"height":710},{"@type":"BreadcrumbList","@id":"https:\/\/stella-musikhochschule.ac.at\/test#breadcrumb","itemListElement":[{"@type":"ListItem","position":1,"name":"Startseite","item":"https:\/\/stella-musikhochschule.ac.at\/en"},{"@type":"ListItem","position":2,"name":"Meisterkurs Gitarre mit Prof.in Antigoni Goni"}]},{"@type":"WebSite","@id":"https:\/\/stella-musikhochschule.ac.at\/#website","url":"https:\/\/stella-musikhochschule.ac.at\/","name":"Stella Vorarlberg","description":"Privathochschule f\u00fcr Musik","publisher":{"@id":"https:\/\/stella-musikhochschule.ac.at\/#organization"},"potentialAction":[{"@type":"SearchAction","target":{"@type":"EntryPoint","urlTemplate":"https:\/\/stella-musikhochschule.ac.at\/?s={search_term_string}"},"query-input":{"@type":"PropertyValueSpecification","valueRequired":true,"valueName":"search_term_string"}}],"inLanguage":"en-US"},{"@type":"Organization","@id":"https:\/\/stella-musikhochschule.ac.at\/#organization","name":"Stella Vorarlberg Privathochschule f\u00fcr Musik","url":"https:\/\/stella-musikhochschule.ac.at\/","logo":{"@type":"ImageObject","inLanguage":"en-US","@id":"https:\/\/stella-musikhochschule.ac.at\/#\/schema\/logo\/image\/","url":"https:\/\/stella-musikhochschule.ac.at\/wp-content\/uploads\/2023\/01\/logo-zusatz.svg","contentUrl":"https:\/\/stella-musikhochschule.ac.at\/wp-content\/uploads\/2023\/01\/logo-zusatz.svg","width":108,"height":57,"caption":"Stella Vorarlberg Privathochschule f\u00fcr Musik"},"image":{"@id":"https:\/\/stella-musikhochschule.ac.at\/#\/schema\/logo\/image\/"},"sameAs":["https:\/\/www.facebook.com\/stellamusikhochschule","http:\/\/www.instagram.com\/stellamusikhochschule","https:\/\/www.youtube.com\/channel\/UCOzOrROMt11QxTxkjmY6NKg","https:\/\/www.tiktok.com\/@stellamusikhochschule","https:\/\/open.spotify.com\/user\/31fs43ork2u3njhtilofu2bk7tue?si=fe62738c70524caa"]},{"@type":"Person","@id":"https:\/\/stella-musikhochschule.ac.at\/#\/schema\/person\/1e574ac44f7050daa7fd23cb94228292","name":"Victor Marin","image":{"@type":"ImageObject","inLanguage":"en-US","@id":"https:\/\/stella-musikhochschule.ac.at\/#\/schema\/person\/image\/","url":"https:\/\/secure.gravatar.com\/avatar\/f8189638f3a03b7822b382425da0318468569fe40d5fbb547d7629eaa2573a21?s=96&d=mm&r=g","contentUrl":"https:\/\/secure.gravatar.com\/avatar\/f8189638f3a03b7822b382425da0318468569fe40d5fbb547d7629eaa2573a21?s=96&d=mm&r=g","caption":"Victor Marin"},"url":"https:\/\/stella-musikhochschule.ac.at\/en\/author\/57a6baf9f34cdf4f"}]}},"_links":{"self":[{"href":"https:\/\/stella-musikhochschule.ac.at\/en\/wp-json\/wp\/v2\/posts\/6265","targetHints":{"allow":["GET"]}}],"collection":[{"href":"https:\/\/stella-musikhochschule.ac.at\/en\/wp-json\/wp\/v2\/posts"}],"about":[{"href":"https:\/\/stella-musikhochschule.ac.at\/en\/wp-json\/wp\/v2\/types\/post"}],"author":[{"embeddable":true,"href":"https:\/\/stella-musikhochschule.ac.at\/en\/wp-json\/wp\/v2\/users\/4"}],"replies":[{"embeddable":true,"href":"https:\/\/stella-musikhochschule.ac.at\/en\/wp-json\/wp\/v2\/comments?post=6265"}],"version-history":[{"count":0,"href":"https:\/\/stella-musikhochschule.ac.at\/en\/wp-json\/wp\/v2\/posts\/6265\/revisions"}],"wp:featuredmedia":[{"embeddable":true,"href":"https:\/\/stella-musikhochschule.ac.at\/en\/wp-json\/wp\/v2\/media\/6261"}],"wp:attachment":[{"href":"https:\/\/stella-musikhochschule.ac.at\/en\/wp-json\/wp\/v2\/media?parent=6265"}],"wp:term":[{"taxonomy":"category","embeddable":true,"href":"https:\/\/stella-musikhochschule.ac.at\/en\/wp-json\/wp\/v2\/categories?post=6265"},{"taxonomy":"post_tag","embeddable":true,"href":"https:\/\/stella-musikhochschule.ac.at\/en\/wp-json\/wp\/v2\/tags?post=6265"}],"curies":[{"name":"wp","href":"https:\/\/api.w.org\/{rel}","templated":true}]}}