{"id":5510,"date":"2025-11-27T09:34:53","date_gmt":"2025-11-27T08:34:53","guid":{"rendered":"https:\/\/stella-musikhochschule.ac.at\/erfolge-fuer-stella-alumnae-beim-kulturpreis-vorarlberg-2025"},"modified":"2025-11-27T09:35:03","modified_gmt":"2025-11-27T08:35:03","slug":"erfolge-fuer-stella-alumnae-beim-kulturpreis-vorarlberg-2025","status":"publish","type":"post","link":"https:\/\/stella-musikhochschule.ac.at\/en\/erfolge-fuer-stella-alumnae-beim-kulturpreis-vorarlberg-2025","title":{"rendered":"Erfolge f\u00fcr Stella-Alumnae beim Kulturpreis Vorarlberg 2025"},"content":{"rendered":"\n<figure class=\"wp-block-image alignfull size-full\"><img loading=\"lazy\" decoding=\"async\" width=\"1440\" height=\"959\" src=\"https:\/\/stella-musikhochschule.ac.at\/wp-content\/uploads\/2025\/11\/Kultur-Preis-Vorarlberg-2025.jpeg\" alt=\"\" class=\"wp-image-5509\" srcset=\"https:\/\/stella-musikhochschule.ac.at\/wp-content\/uploads\/2025\/11\/Kultur-Preis-Vorarlberg-2025.jpeg 1440w, https:\/\/stella-musikhochschule.ac.at\/wp-content\/uploads\/2025\/11\/Kultur-Preis-Vorarlberg-2025-300x200.jpeg 300w, https:\/\/stella-musikhochschule.ac.at\/wp-content\/uploads\/2025\/11\/Kultur-Preis-Vorarlberg-2025-768x511.jpeg 768w, https:\/\/stella-musikhochschule.ac.at\/wp-content\/uploads\/2025\/11\/Kultur-Preis-Vorarlberg-2025-40x27.jpeg 40w\" sizes=\"auto, (max-width: 1440px) 100vw, 1440px\" \/><\/figure>\n\n\n\n<div class=\"wp-block-columns is-layout-flex wp-container-core-columns-is-layout-9d6595d7 wp-block-columns-is-layout-flex\">\n<div class=\"wp-block-column is-layout-flow wp-block-column-is-layout-flow\" style=\"flex-basis:66.66%\">\n<p><strong>Der Kulturpreis Vorarlberg 2025 in der Kategorie Klassischer Gesang geht an Corinna Scheurle.<\/strong><\/p>\n\n\n\n<p>Der Vorarlberger Kulturpreis wurde 2025 zum elften Mal ausgeschrieben und ist dieses Jahr der Sparte Klassischer Gesang gewidmet. Durch ein Auswahlverfahren der erweiterten Kunstkommission des Landes wurden Veronika D\u00fcnser, Lea Elisabeth M\u00fcller, Isabel Pfefferkorn, Corinna Scheurle und Achim Schurig nominiert.<\/p>\n\n\n\n<p>Die international besetzte Jury mit Antonia Frey, Stefan Ritzenthaler, Jaakko Kortekangas und Susanne Schmidt bewertete die vortragenden S\u00e4nger*innen im Rahmen der ORF Vorauswahl und ermittelte schliesslich die Preistr\u00e4ger*innen, die am 24. November beim Galaabend im Casino Bregenz ausgezeichnet wurden.<\/p>\n\n\n\n<p>Mit Anerkennungspreisen wurden in diesem Jahr Veronika D\u00fcnser und Lea Elisabeth M\u00fcller gew\u00fcrdigt.<\/p>\n\n\n\n<p>Alle drei ausgezeichneten S\u00e4ngerinnen sind Alumnae der Stella Musikhochschule, die den Preistr\u00e4gerinnen herzlich zum Erfolg gratuliert.<\/p>\n<\/div>\n\n\n\n<div class=\"wp-block-column is-layout-flow wp-block-column-is-layout-flow\" style=\"flex-basis:33.33%\"><div class=\"lazyblock-links-1GBtqC wp-block-lazyblock-links\"><div class=\"side\">\n  <hr>\n        <div class=\"item link\">\n        <a href=\"https:\/\/www.kulturpreisvorarlberg.at\/\" target=\"_blank\">\n          <span class=\"title\">https:\/\/www.kulturpreisvorarlberg.at\/<\/span>\n          <i class=\"arrow-link\"><\/i>\n        <\/a>\n      <\/div>\n      <\/div><\/div><\/div>\n<\/div>\n","protected":false},"excerpt":{"rendered":"<p>Der Kulturpreis Vorarlberg 2025 in der Kategorie Klassischer Gesang geht an Corinna Scheurle. Der Vorarlberger Kulturpreis wurde 2025 zum elften Mal ausgeschrieben und ist dieses Jahr der Sparte Klassischer Gesang gewidmet. Durch ein Auswahlverfahren der erweiterten Kunstkommission des Landes wurden Veronika D\u00fcnser, Lea Elisabeth M\u00fcller, Isabel Pfefferkorn, Corinna Scheurle und Achim Schurig nominiert. Die international [&hellip;]<\/p>\n","protected":false},"author":4,"featured_media":0,"comment_status":"open","ping_status":"closed","sticky":false,"template":"","format":"standard","meta":{"_acf_changed":false,"inline_featured_image":false,"footnotes":""},"categories":[1],"tags":[],"class_list":["post-5510","post","type-post","status-publish","format-standard","hentry","category-unkategorisiert"],"acf":[],"yoast_head":"<!-- This site is optimized with the Yoast SEO plugin v26.8 - https:\/\/yoast.com\/product\/yoast-seo-wordpress\/ -->\n<title>Erfolge f\u00fcr Stella-Alumnae beim Kulturpreis Vorarlberg 2025 - Stella Vorarlberg<\/title>\n<meta name=\"robots\" content=\"index, follow, max-snippet:-1, max-image-preview:large, max-video-preview:-1\" \/>\n<link rel=\"canonical\" href=\"https:\/\/stella-musikhochschule.ac.at\/en\/erfolge-fuer-stella-alumnae-beim-kulturpreis-vorarlberg-2025\" \/>\n<meta property=\"og:locale\" content=\"en_US\" \/>\n<meta property=\"og:type\" content=\"article\" \/>\n<meta property=\"og:title\" content=\"Erfolge f\u00fcr Stella-Alumnae beim Kulturpreis Vorarlberg 2025 - Stella Vorarlberg\" \/>\n<meta property=\"og:description\" content=\"Der Kulturpreis Vorarlberg 2025 in der Kategorie Klassischer Gesang geht an Corinna Scheurle. Der Vorarlberger Kulturpreis wurde 2025 zum elften Mal ausgeschrieben und ist dieses Jahr der Sparte Klassischer Gesang gewidmet. Durch ein Auswahlverfahren der erweiterten Kunstkommission des Landes wurden Veronika D\u00fcnser, Lea Elisabeth M\u00fcller, Isabel Pfefferkorn, Corinna Scheurle und Achim Schurig nominiert. Die international [&hellip;]\" \/>\n<meta property=\"og:url\" content=\"https:\/\/stella-musikhochschule.ac.at\/en\/erfolge-fuer-stella-alumnae-beim-kulturpreis-vorarlberg-2025\" \/>\n<meta property=\"og:site_name\" content=\"Stella Vorarlberg\" \/>\n<meta property=\"article:publisher\" content=\"https:\/\/www.facebook.com\/stellamusikhochschule\" \/>\n<meta property=\"article:published_time\" content=\"2025-11-27T08:34:53+00:00\" \/>\n<meta property=\"article:modified_time\" content=\"2025-11-27T08:35:03+00:00\" \/>\n<meta property=\"og:image\" content=\"https:\/\/stella-musikhochschule.ac.at\/wp-content\/uploads\/2025\/11\/Kultur-Preis-Vorarlberg-2025.jpeg\" \/>\n\t<meta property=\"og:image:width\" content=\"1440\" \/>\n\t<meta property=\"og:image:height\" content=\"959\" \/>\n\t<meta property=\"og:image:type\" content=\"image\/jpeg\" \/>\n<meta name=\"author\" content=\"Victor Marin\" \/>\n<meta name=\"twitter:card\" content=\"summary_large_image\" \/>\n<meta name=\"twitter:label1\" content=\"Written by\" \/>\n\t<meta name=\"twitter:data1\" content=\"Victor Marin\" \/>\n\t<meta name=\"twitter:label2\" content=\"Est. reading time\" \/>\n\t<meta name=\"twitter:data2\" content=\"2 minutes\" \/>\n<script type=\"application\/ld+json\" class=\"yoast-schema-graph\">{\"@context\":\"https:\/\/schema.org\",\"@graph\":[{\"@type\":\"Article\",\"@id\":\"https:\/\/stella-musikhochschule.ac.at\/en\/erfolge-fuer-stella-alumnae-beim-kulturpreis-vorarlberg-2025#article\",\"isPartOf\":{\"@id\":\"https:\/\/stella-musikhochschule.ac.at\/en\/erfolge-fuer-stella-alumnae-beim-kulturpreis-vorarlberg-2025\"},\"author\":{\"name\":\"Victor Marin\",\"@id\":\"https:\/\/stella-musikhochschule.ac.at\/#\/schema\/person\/1e574ac44f7050daa7fd23cb94228292\"},\"headline\":\"Erfolge f\u00fcr Stella-Alumnae beim Kulturpreis Vorarlberg 2025\",\"datePublished\":\"2025-11-27T08:34:53+00:00\",\"dateModified\":\"2025-11-27T08:35:03+00:00\",\"mainEntityOfPage\":{\"@id\":\"https:\/\/stella-musikhochschule.ac.at\/en\/erfolge-fuer-stella-alumnae-beim-kulturpreis-vorarlberg-2025\"},\"wordCount\":136,\"commentCount\":0,\"publisher\":{\"@id\":\"https:\/\/stella-musikhochschule.ac.at\/#organization\"},\"image\":{\"@id\":\"https:\/\/stella-musikhochschule.ac.at\/en\/erfolge-fuer-stella-alumnae-beim-kulturpreis-vorarlberg-2025#primaryimage\"},\"thumbnailUrl\":\"https:\/\/stella-musikhochschule.ac.at\/wp-content\/uploads\/2025\/11\/Kultur-Preis-Vorarlberg-2025.jpeg\",\"articleSection\":[\"Unkategorisiert\"],\"inLanguage\":\"en-US\",\"potentialAction\":[{\"@type\":\"CommentAction\",\"name\":\"Comment\",\"target\":[\"https:\/\/stella-musikhochschule.ac.at\/en\/erfolge-fuer-stella-alumnae-beim-kulturpreis-vorarlberg-2025#respond\"]}]},{\"@type\":\"WebPage\",\"@id\":\"https:\/\/stella-musikhochschule.ac.at\/en\/erfolge-fuer-stella-alumnae-beim-kulturpreis-vorarlberg-2025\",\"url\":\"https:\/\/stella-musikhochschule.ac.at\/en\/erfolge-fuer-stella-alumnae-beim-kulturpreis-vorarlberg-2025\",\"name\":\"Erfolge f\u00fcr Stella-Alumnae beim Kulturpreis Vorarlberg 2025 - Stella Vorarlberg\",\"isPartOf\":{\"@id\":\"https:\/\/stella-musikhochschule.ac.at\/#website\"},\"primaryImageOfPage\":{\"@id\":\"https:\/\/stella-musikhochschule.ac.at\/en\/erfolge-fuer-stella-alumnae-beim-kulturpreis-vorarlberg-2025#primaryimage\"},\"image\":{\"@id\":\"https:\/\/stella-musikhochschule.ac.at\/en\/erfolge-fuer-stella-alumnae-beim-kulturpreis-vorarlberg-2025#primaryimage\"},\"thumbnailUrl\":\"https:\/\/stella-musikhochschule.ac.at\/wp-content\/uploads\/2025\/11\/Kultur-Preis-Vorarlberg-2025.jpeg\",\"datePublished\":\"2025-11-27T08:34:53+00:00\",\"dateModified\":\"2025-11-27T08:35:03+00:00\",\"breadcrumb\":{\"@id\":\"https:\/\/stella-musikhochschule.ac.at\/en\/erfolge-fuer-stella-alumnae-beim-kulturpreis-vorarlberg-2025#breadcrumb\"},\"inLanguage\":\"en-US\",\"potentialAction\":[{\"@type\":\"ReadAction\",\"target\":[\"https:\/\/stella-musikhochschule.ac.at\/en\/erfolge-fuer-stella-alumnae-beim-kulturpreis-vorarlberg-2025\"]}]},{\"@type\":\"ImageObject\",\"inLanguage\":\"en-US\",\"@id\":\"https:\/\/stella-musikhochschule.ac.at\/en\/erfolge-fuer-stella-alumnae-beim-kulturpreis-vorarlberg-2025#primaryimage\",\"url\":\"https:\/\/stella-musikhochschule.ac.at\/wp-content\/uploads\/2025\/11\/Kultur-Preis-Vorarlberg-2025.jpeg\",\"contentUrl\":\"https:\/\/stella-musikhochschule.ac.at\/wp-content\/uploads\/2025\/11\/Kultur-Preis-Vorarlberg-2025.jpeg\"},{\"@type\":\"BreadcrumbList\",\"@id\":\"https:\/\/stella-musikhochschule.ac.at\/en\/erfolge-fuer-stella-alumnae-beim-kulturpreis-vorarlberg-2025#breadcrumb\",\"itemListElement\":[{\"@type\":\"ListItem\",\"position\":1,\"name\":\"Startseite\",\"item\":\"https:\/\/stella-musikhochschule.ac.at\/en\"},{\"@type\":\"ListItem\",\"position\":2,\"name\":\"Erfolge f\u00fcr Stella-Alumnae beim Kulturpreis Vorarlberg 2025\"}]},{\"@type\":\"WebSite\",\"@id\":\"https:\/\/stella-musikhochschule.ac.at\/#website\",\"url\":\"https:\/\/stella-musikhochschule.ac.at\/\",\"name\":\"Stella Vorarlberg\",\"description\":\"Privathochschule f\u00fcr Musik\",\"publisher\":{\"@id\":\"https:\/\/stella-musikhochschule.ac.at\/#organization\"},\"potentialAction\":[{\"@type\":\"SearchAction\",\"target\":{\"@type\":\"EntryPoint\",\"urlTemplate\":\"https:\/\/stella-musikhochschule.ac.at\/?s={search_term_string}\"},\"query-input\":{\"@type\":\"PropertyValueSpecification\",\"valueRequired\":true,\"valueName\":\"search_term_string\"}}],\"inLanguage\":\"en-US\"},{\"@type\":\"Organization\",\"@id\":\"https:\/\/stella-musikhochschule.ac.at\/#organization\",\"name\":\"Stella Vorarlberg Privathochschule f\u00fcr Musik\",\"url\":\"https:\/\/stella-musikhochschule.ac.at\/\",\"logo\":{\"@type\":\"ImageObject\",\"inLanguage\":\"en-US\",\"@id\":\"https:\/\/stella-musikhochschule.ac.at\/#\/schema\/logo\/image\/\",\"url\":\"https:\/\/stella-musikhochschule.ac.at\/wp-content\/uploads\/2023\/01\/logo-zusatz.svg\",\"contentUrl\":\"https:\/\/stella-musikhochschule.ac.at\/wp-content\/uploads\/2023\/01\/logo-zusatz.svg\",\"width\":108,\"height\":57,\"caption\":\"Stella Vorarlberg Privathochschule f\u00fcr Musik\"},\"image\":{\"@id\":\"https:\/\/stella-musikhochschule.ac.at\/#\/schema\/logo\/image\/\"},\"sameAs\":[\"https:\/\/www.facebook.com\/stellamusikhochschule\",\"http:\/\/www.instagram.com\/stellamusikhochschule\",\"https:\/\/www.youtube.com\/channel\/UCOzOrROMt11QxTxkjmY6NKg\",\"https:\/\/www.tiktok.com\/@stellamusikhochschule\",\"https:\/\/open.spotify.com\/user\/31fs43ork2u3njhtilofu2bk7tue?si=fe62738c70524caa\"]},{\"@type\":\"Person\",\"@id\":\"https:\/\/stella-musikhochschule.ac.at\/#\/schema\/person\/1e574ac44f7050daa7fd23cb94228292\",\"name\":\"Victor Marin\",\"image\":{\"@type\":\"ImageObject\",\"inLanguage\":\"en-US\",\"@id\":\"https:\/\/stella-musikhochschule.ac.at\/#\/schema\/person\/image\/\",\"url\":\"https:\/\/secure.gravatar.com\/avatar\/f8189638f3a03b7822b382425da0318468569fe40d5fbb547d7629eaa2573a21?s=96&d=mm&r=g\",\"contentUrl\":\"https:\/\/secure.gravatar.com\/avatar\/f8189638f3a03b7822b382425da0318468569fe40d5fbb547d7629eaa2573a21?s=96&d=mm&r=g\",\"caption\":\"Victor Marin\"},\"url\":\"https:\/\/stella-musikhochschule.ac.at\/en\/author\/57a6baf9f34cdf4f\"}]}<\/script>\n<!-- \/ Yoast SEO plugin. -->","yoast_head_json":{"title":"Erfolge f\u00fcr Stella-Alumnae beim Kulturpreis Vorarlberg 2025 - Stella Vorarlberg","robots":{"index":"index","follow":"follow","max-snippet":"max-snippet:-1","max-image-preview":"max-image-preview:large","max-video-preview":"max-video-preview:-1"},"canonical":"https:\/\/stella-musikhochschule.ac.at\/en\/erfolge-fuer-stella-alumnae-beim-kulturpreis-vorarlberg-2025","og_locale":"en_US","og_type":"article","og_title":"Erfolge f\u00fcr Stella-Alumnae beim Kulturpreis Vorarlberg 2025 - Stella Vorarlberg","og_description":"Der Kulturpreis Vorarlberg 2025 in der Kategorie Klassischer Gesang geht an Corinna Scheurle. Der Vorarlberger Kulturpreis wurde 2025 zum elften Mal ausgeschrieben und ist dieses Jahr der Sparte Klassischer Gesang gewidmet. Durch ein Auswahlverfahren der erweiterten Kunstkommission des Landes wurden Veronika D\u00fcnser, Lea Elisabeth M\u00fcller, Isabel Pfefferkorn, Corinna Scheurle und Achim Schurig nominiert. Die international [&hellip;]","og_url":"https:\/\/stella-musikhochschule.ac.at\/en\/erfolge-fuer-stella-alumnae-beim-kulturpreis-vorarlberg-2025","og_site_name":"Stella Vorarlberg","article_publisher":"https:\/\/www.facebook.com\/stellamusikhochschule","article_published_time":"2025-11-27T08:34:53+00:00","article_modified_time":"2025-11-27T08:35:03+00:00","og_image":[{"width":1440,"height":959,"url":"https:\/\/stella-musikhochschule.ac.at\/wp-content\/uploads\/2025\/11\/Kultur-Preis-Vorarlberg-2025.jpeg","type":"image\/jpeg"}],"author":"Victor Marin","twitter_card":"summary_large_image","twitter_misc":{"Written by":"Victor Marin","Est. reading time":"2 minutes"},"schema":{"@context":"https:\/\/schema.org","@graph":[{"@type":"Article","@id":"https:\/\/stella-musikhochschule.ac.at\/en\/erfolge-fuer-stella-alumnae-beim-kulturpreis-vorarlberg-2025#article","isPartOf":{"@id":"https:\/\/stella-musikhochschule.ac.at\/en\/erfolge-fuer-stella-alumnae-beim-kulturpreis-vorarlberg-2025"},"author":{"name":"Victor Marin","@id":"https:\/\/stella-musikhochschule.ac.at\/#\/schema\/person\/1e574ac44f7050daa7fd23cb94228292"},"headline":"Erfolge f\u00fcr Stella-Alumnae beim Kulturpreis Vorarlberg 2025","datePublished":"2025-11-27T08:34:53+00:00","dateModified":"2025-11-27T08:35:03+00:00","mainEntityOfPage":{"@id":"https:\/\/stella-musikhochschule.ac.at\/en\/erfolge-fuer-stella-alumnae-beim-kulturpreis-vorarlberg-2025"},"wordCount":136,"commentCount":0,"publisher":{"@id":"https:\/\/stella-musikhochschule.ac.at\/#organization"},"image":{"@id":"https:\/\/stella-musikhochschule.ac.at\/en\/erfolge-fuer-stella-alumnae-beim-kulturpreis-vorarlberg-2025#primaryimage"},"thumbnailUrl":"https:\/\/stella-musikhochschule.ac.at\/wp-content\/uploads\/2025\/11\/Kultur-Preis-Vorarlberg-2025.jpeg","articleSection":["Unkategorisiert"],"inLanguage":"en-US","potentialAction":[{"@type":"CommentAction","name":"Comment","target":["https:\/\/stella-musikhochschule.ac.at\/en\/erfolge-fuer-stella-alumnae-beim-kulturpreis-vorarlberg-2025#respond"]}]},{"@type":"WebPage","@id":"https:\/\/stella-musikhochschule.ac.at\/en\/erfolge-fuer-stella-alumnae-beim-kulturpreis-vorarlberg-2025","url":"https:\/\/stella-musikhochschule.ac.at\/en\/erfolge-fuer-stella-alumnae-beim-kulturpreis-vorarlberg-2025","name":"Erfolge f\u00fcr Stella-Alumnae beim Kulturpreis Vorarlberg 2025 - Stella Vorarlberg","isPartOf":{"@id":"https:\/\/stella-musikhochschule.ac.at\/#website"},"primaryImageOfPage":{"@id":"https:\/\/stella-musikhochschule.ac.at\/en\/erfolge-fuer-stella-alumnae-beim-kulturpreis-vorarlberg-2025#primaryimage"},"image":{"@id":"https:\/\/stella-musikhochschule.ac.at\/en\/erfolge-fuer-stella-alumnae-beim-kulturpreis-vorarlberg-2025#primaryimage"},"thumbnailUrl":"https:\/\/stella-musikhochschule.ac.at\/wp-content\/uploads\/2025\/11\/Kultur-Preis-Vorarlberg-2025.jpeg","datePublished":"2025-11-27T08:34:53+00:00","dateModified":"2025-11-27T08:35:03+00:00","breadcrumb":{"@id":"https:\/\/stella-musikhochschule.ac.at\/en\/erfolge-fuer-stella-alumnae-beim-kulturpreis-vorarlberg-2025#breadcrumb"},"inLanguage":"en-US","potentialAction":[{"@type":"ReadAction","target":["https:\/\/stella-musikhochschule.ac.at\/en\/erfolge-fuer-stella-alumnae-beim-kulturpreis-vorarlberg-2025"]}]},{"@type":"ImageObject","inLanguage":"en-US","@id":"https:\/\/stella-musikhochschule.ac.at\/en\/erfolge-fuer-stella-alumnae-beim-kulturpreis-vorarlberg-2025#primaryimage","url":"https:\/\/stella-musikhochschule.ac.at\/wp-content\/uploads\/2025\/11\/Kultur-Preis-Vorarlberg-2025.jpeg","contentUrl":"https:\/\/stella-musikhochschule.ac.at\/wp-content\/uploads\/2025\/11\/Kultur-Preis-Vorarlberg-2025.jpeg"},{"@type":"BreadcrumbList","@id":"https:\/\/stella-musikhochschule.ac.at\/en\/erfolge-fuer-stella-alumnae-beim-kulturpreis-vorarlberg-2025#breadcrumb","itemListElement":[{"@type":"ListItem","position":1,"name":"Startseite","item":"https:\/\/stella-musikhochschule.ac.at\/en"},{"@type":"ListItem","position":2,"name":"Erfolge f\u00fcr Stella-Alumnae beim Kulturpreis Vorarlberg 2025"}]},{"@type":"WebSite","@id":"https:\/\/stella-musikhochschule.ac.at\/#website","url":"https:\/\/stella-musikhochschule.ac.at\/","name":"Stella Vorarlberg","description":"Privathochschule f\u00fcr Musik","publisher":{"@id":"https:\/\/stella-musikhochschule.ac.at\/#organization"},"potentialAction":[{"@type":"SearchAction","target":{"@type":"EntryPoint","urlTemplate":"https:\/\/stella-musikhochschule.ac.at\/?s={search_term_string}"},"query-input":{"@type":"PropertyValueSpecification","valueRequired":true,"valueName":"search_term_string"}}],"inLanguage":"en-US"},{"@type":"Organization","@id":"https:\/\/stella-musikhochschule.ac.at\/#organization","name":"Stella Vorarlberg Privathochschule f\u00fcr Musik","url":"https:\/\/stella-musikhochschule.ac.at\/","logo":{"@type":"ImageObject","inLanguage":"en-US","@id":"https:\/\/stella-musikhochschule.ac.at\/#\/schema\/logo\/image\/","url":"https:\/\/stella-musikhochschule.ac.at\/wp-content\/uploads\/2023\/01\/logo-zusatz.svg","contentUrl":"https:\/\/stella-musikhochschule.ac.at\/wp-content\/uploads\/2023\/01\/logo-zusatz.svg","width":108,"height":57,"caption":"Stella Vorarlberg Privathochschule f\u00fcr Musik"},"image":{"@id":"https:\/\/stella-musikhochschule.ac.at\/#\/schema\/logo\/image\/"},"sameAs":["https:\/\/www.facebook.com\/stellamusikhochschule","http:\/\/www.instagram.com\/stellamusikhochschule","https:\/\/www.youtube.com\/channel\/UCOzOrROMt11QxTxkjmY6NKg","https:\/\/www.tiktok.com\/@stellamusikhochschule","https:\/\/open.spotify.com\/user\/31fs43ork2u3njhtilofu2bk7tue?si=fe62738c70524caa"]},{"@type":"Person","@id":"https:\/\/stella-musikhochschule.ac.at\/#\/schema\/person\/1e574ac44f7050daa7fd23cb94228292","name":"Victor Marin","image":{"@type":"ImageObject","inLanguage":"en-US","@id":"https:\/\/stella-musikhochschule.ac.at\/#\/schema\/person\/image\/","url":"https:\/\/secure.gravatar.com\/avatar\/f8189638f3a03b7822b382425da0318468569fe40d5fbb547d7629eaa2573a21?s=96&d=mm&r=g","contentUrl":"https:\/\/secure.gravatar.com\/avatar\/f8189638f3a03b7822b382425da0318468569fe40d5fbb547d7629eaa2573a21?s=96&d=mm&r=g","caption":"Victor Marin"},"url":"https:\/\/stella-musikhochschule.ac.at\/en\/author\/57a6baf9f34cdf4f"}]}},"_links":{"self":[{"href":"https:\/\/stella-musikhochschule.ac.at\/en\/wp-json\/wp\/v2\/posts\/5510","targetHints":{"allow":["GET"]}}],"collection":[{"href":"https:\/\/stella-musikhochschule.ac.at\/en\/wp-json\/wp\/v2\/posts"}],"about":[{"href":"https:\/\/stella-musikhochschule.ac.at\/en\/wp-json\/wp\/v2\/types\/post"}],"author":[{"embeddable":true,"href":"https:\/\/stella-musikhochschule.ac.at\/en\/wp-json\/wp\/v2\/users\/4"}],"replies":[{"embeddable":true,"href":"https:\/\/stella-musikhochschule.ac.at\/en\/wp-json\/wp\/v2\/comments?post=5510"}],"version-history":[{"count":0,"href":"https:\/\/stella-musikhochschule.ac.at\/en\/wp-json\/wp\/v2\/posts\/5510\/revisions"}],"wp:attachment":[{"href":"https:\/\/stella-musikhochschule.ac.at\/en\/wp-json\/wp\/v2\/media?parent=5510"}],"wp:term":[{"taxonomy":"category","embeddable":true,"href":"https:\/\/stella-musikhochschule.ac.at\/en\/wp-json\/wp\/v2\/categories?post=5510"},{"taxonomy":"post_tag","embeddable":true,"href":"https:\/\/stella-musikhochschule.ac.at\/en\/wp-json\/wp\/v2\/tags?post=5510"}],"curies":[{"name":"wp","href":"https:\/\/api.w.org\/{rel}","templated":true}]}}