{"id":5391,"date":"2025-11-25T07:57:16","date_gmt":"2025-11-25T06:57:16","guid":{"rendered":"https:\/\/stella-musikhochschule.ac.at\/hochschultag-kuenstliche-intelligenz-und-kunst-hochschule-chancen-risiken-verantwortung"},"modified":"2025-12-11T08:05:10","modified_gmt":"2025-12-11T07:05:10","slug":"hochschultag-kuenstliche-intelligenz-und-kunst-hochschule-chancen-risiken-verantwortung","status":"publish","type":"post","link":"https:\/\/stella-musikhochschule.ac.at\/en\/hochschultag-kuenstliche-intelligenz-und-kunst-hochschule-chancen-risiken-verantwortung","title":{"rendered":"Hochschultag: \u00bbK\u00fcnstliche Intelligenz und (Kunst-)Hochschule \u2013 Chancen, Risiken, Verantwortung\u00ab"},"content":{"rendered":"\n<figure class=\"wp-block-image alignfull size-full\"><img loading=\"lazy\" decoding=\"async\" width=\"1430\" height=\"951\" src=\"https:\/\/stella-musikhochschule.ac.at\/wp-content\/uploads\/2025\/11\/Kuenstliche-Intelligenz-und-Kunst-Hochschule-\u2013-Chancen-Risiken-Verantwortung.jpg\" alt=\"\" class=\"wp-image-5382\" srcset=\"https:\/\/stella-musikhochschule.ac.at\/wp-content\/uploads\/2025\/11\/Kuenstliche-Intelligenz-und-Kunst-Hochschule-\u2013-Chancen-Risiken-Verantwortung.jpg 1430w, https:\/\/stella-musikhochschule.ac.at\/wp-content\/uploads\/2025\/11\/Kuenstliche-Intelligenz-und-Kunst-Hochschule-\u2013-Chancen-Risiken-Verantwortung-300x200.jpg 300w, https:\/\/stella-musikhochschule.ac.at\/wp-content\/uploads\/2025\/11\/Kuenstliche-Intelligenz-und-Kunst-Hochschule-\u2013-Chancen-Risiken-Verantwortung-768x511.jpg 768w, https:\/\/stella-musikhochschule.ac.at\/wp-content\/uploads\/2025\/11\/Kuenstliche-Intelligenz-und-Kunst-Hochschule-\u2013-Chancen-Risiken-Verantwortung-40x27.jpg 40w\" sizes=\"auto, (max-width: 1430px) 100vw, 1430px\" \/><\/figure>\n\n\n\n<div class=\"wp-block-columns is-layout-flex wp-container-core-columns-is-layout-9d6595d7 wp-block-columns-is-layout-flex\">\n<div class=\"wp-block-column is-layout-flow wp-block-column-is-layout-flow\" style=\"flex-basis:66.66%\">\n<p>Der diesj\u00e4hrige Hochschultag widmet sich der Rolle von K\u00fcnstlicher Intelligenz aus bildungspolitischer, forschungsbezogener und k\u00fcnstlerischer Perspektive als auch in ihren praktischen Anwendungen im Hochschulkontext.<\/p>\n\n\n\n<p><strong>Zentrale Leitfragen<\/strong>:<\/p>\n\n\n\n<ul class=\"wp-block-list\">\n<li>Wie ver\u00e4ndert KI Lehre, Forschung und k\u00fcnstlerische Praxis an (Kunst-)Hochschulen?<\/li>\n\n\n\n<li>Welche Risiken bestehen mit Blick auf Datenschutz, Urheberrechte und Integrit\u00e4t?<\/li>\n\n\n\n<li>Welche Chancen er\u00f6ffnen KI-Tools f\u00fcr musikalische Praxis, Kreativit\u00e4t und Wissensvermittlung?<\/li>\n\n\n\n<li>Welche Verantwortung tragen (Kunst-)Hochschulen im Umgang mit KI?<\/li>\n<\/ul>\n\n\n\n<p><strong>Beitr\u00e4ge und (vorl\u00e4ufiges) Programm:<\/strong><\/p>\n\n\n\n<ul class=\"wp-block-list\">\n<li><em>Keynote<\/em>: Prof. Dr. Elke H\u00f6fler (Universit\u00e4t Graz) \u2013 K\u00fcnstliche Intelligenz im Hochschulbildungsbereich<\/li>\n\n\n\n<li><em>Workshop<\/em>: Dr. Sabine Chai (\u00d6AWI) \u2013 K\u00fcnstliche Intelligenz im Kontext wissenschaftlicher (und k\u00fcnstlerischer?) Integrit\u00e4t<\/li>\n\n\n\n<li><em>Praxisworkshops<\/em>: Tobias Rotsch (HfM Trossingen) &amp; Fabian Bade (Musikhochschule L\u00fcbeck) \u2013 Anwendung von KI-Tools in den K\u00fcnsten und der musikalischen Praxis<\/li>\n\n\n\n<li><em>Vortrag<\/em>: Dr. Christian Wirthensohn (TWP Rechtsanw\u00e4lte) \u2013 Rechtliche Perspektive auf KI<\/li>\n\n\n\n<li><em>Abschlie\u00dfende Diskussionsrunde<\/em>: Gemeinsame Reflexion zu Verantwortung und m\u00f6glichen n\u00e4chsten Schritten im Umgang mit KI an (unserer) (Kunst-)Hochschule(n)<\/li>\n<\/ul>\n<\/div>\n\n\n\n<div class=\"wp-block-column is-layout-flow wp-block-column-is-layout-flow\" style=\"flex-basis:33.33%\">\n<hr class=\"wp-block-separator has-alpha-channel-opacity\"\/>\n\n\n\n<p><strong>An- und Abmeldung <br><\/strong><a href=\"mailto:rektorat@stella-musikhochschule.ac.at\">rektorat@stella-musikhochschule.ac.at<\/a><\/p>\n\n\n<div class=\"lazyblock-downloads-lCAvx wp-block-lazyblock-downloads\"><div class=\"side\">\n  <hr>\n        <div class=\"item download\">\n        <a href=\"https:\/\/stella-musikhochschule.ac.at\/wp-content\/uploads\/2023\/04\/25I26-Hochschultag-Programm-Einzelseiten.pdf\" target=\"_blank\">\n          <span class=\"title\">Programm<\/span>\n                    <i class=\"arrow-down\"><\/i>\n        <\/a>\n      <\/div>\n      <\/div><\/div><\/div>\n<\/div>\n","protected":false},"excerpt":{"rendered":"<p>Der diesj\u00e4hrige Hochschultag widmet sich der Rolle von K\u00fcnstlicher Intelligenz aus bildungspolitischer, forschungsbezogener und k\u00fcnstlerischer Perspektive als auch in ihren praktischen Anwendungen im Hochschulkontext. Zentrale Leitfragen: Beitr\u00e4ge und (vorl\u00e4ufiges) Programm: An- und Abmeldung rektorat@stella-musikhochschule.ac.at<\/p>\n","protected":false},"author":4,"featured_media":0,"comment_status":"open","ping_status":"closed","sticky":false,"template":"","format":"standard","meta":{"_acf_changed":false,"inline_featured_image":false,"footnotes":""},"categories":[1],"tags":[],"class_list":["post-5391","post","type-post","status-publish","format-standard","hentry","category-unkategorisiert"],"acf":[],"yoast_head":"<!-- This site is optimized with the Yoast SEO plugin v26.8 - https:\/\/yoast.com\/product\/yoast-seo-wordpress\/ -->\n<title>Hochschultag: \u00bbK\u00fcnstliche Intelligenz und (Kunst-)Hochschule \u2013 Chancen, Risiken, Verantwortung\u00ab - Stella Vorarlberg<\/title>\n<meta name=\"robots\" content=\"index, follow, max-snippet:-1, max-image-preview:large, max-video-preview:-1\" \/>\n<link rel=\"canonical\" href=\"https:\/\/stella-musikhochschule.ac.at\/en\/hochschultag-kuenstliche-intelligenz-und-kunst-hochschule-chancen-risiken-verantwortung\" \/>\n<meta property=\"og:locale\" content=\"en_US\" \/>\n<meta property=\"og:type\" content=\"article\" \/>\n<meta property=\"og:title\" content=\"Hochschultag: \u00bbK\u00fcnstliche Intelligenz und (Kunst-)Hochschule \u2013 Chancen, Risiken, Verantwortung\u00ab - Stella Vorarlberg\" \/>\n<meta property=\"og:description\" content=\"Der diesj\u00e4hrige Hochschultag widmet sich der Rolle von K\u00fcnstlicher Intelligenz aus bildungspolitischer, forschungsbezogener und k\u00fcnstlerischer Perspektive als auch in ihren praktischen Anwendungen im Hochschulkontext. Zentrale Leitfragen: Beitr\u00e4ge und (vorl\u00e4ufiges) Programm: An- und Abmeldung rektorat@stella-musikhochschule.ac.at\" \/>\n<meta property=\"og:url\" content=\"https:\/\/stella-musikhochschule.ac.at\/en\/hochschultag-kuenstliche-intelligenz-und-kunst-hochschule-chancen-risiken-verantwortung\" \/>\n<meta property=\"og:site_name\" content=\"Stella Vorarlberg\" \/>\n<meta property=\"article:publisher\" content=\"https:\/\/www.facebook.com\/stellamusikhochschule\" \/>\n<meta property=\"article:published_time\" content=\"2025-11-25T06:57:16+00:00\" \/>\n<meta property=\"article:modified_time\" content=\"2025-12-11T07:05:10+00:00\" \/>\n<meta name=\"author\" content=\"Victor Marin\" \/>\n<meta name=\"twitter:card\" content=\"summary_large_image\" \/>\n<meta name=\"twitter:label1\" content=\"Written by\" \/>\n\t<meta name=\"twitter:data1\" content=\"Victor Marin\" \/>\n\t<meta name=\"twitter:label2\" content=\"Est. reading time\" \/>\n\t<meta name=\"twitter:data2\" content=\"1 minute\" \/>\n<script type=\"application\/ld+json\" class=\"yoast-schema-graph\">{\"@context\":\"https:\/\/schema.org\",\"@graph\":[{\"@type\":\"Article\",\"@id\":\"https:\/\/stella-musikhochschule.ac.at\/en\/hochschultag-kuenstliche-intelligenz-und-kunst-hochschule-chancen-risiken-verantwortung#article\",\"isPartOf\":{\"@id\":\"https:\/\/stella-musikhochschule.ac.at\/en\/hochschultag-kuenstliche-intelligenz-und-kunst-hochschule-chancen-risiken-verantwortung\"},\"author\":{\"name\":\"Victor Marin\",\"@id\":\"https:\/\/stella-musikhochschule.ac.at\/#\/schema\/person\/1e574ac44f7050daa7fd23cb94228292\"},\"headline\":\"Hochschultag: \u00bbK\u00fcnstliche Intelligenz und (Kunst-)Hochschule \u2013 Chancen, Risiken, Verantwortung\u00ab\",\"datePublished\":\"2025-11-25T06:57:16+00:00\",\"dateModified\":\"2025-12-11T07:05:10+00:00\",\"mainEntityOfPage\":{\"@id\":\"https:\/\/stella-musikhochschule.ac.at\/en\/hochschultag-kuenstliche-intelligenz-und-kunst-hochschule-chancen-risiken-verantwortung\"},\"wordCount\":183,\"commentCount\":0,\"publisher\":{\"@id\":\"https:\/\/stella-musikhochschule.ac.at\/#organization\"},\"articleSection\":[\"Unkategorisiert\"],\"inLanguage\":\"en-US\",\"potentialAction\":[{\"@type\":\"CommentAction\",\"name\":\"Comment\",\"target\":[\"https:\/\/stella-musikhochschule.ac.at\/en\/hochschultag-kuenstliche-intelligenz-und-kunst-hochschule-chancen-risiken-verantwortung#respond\"]}]},{\"@type\":\"WebPage\",\"@id\":\"https:\/\/stella-musikhochschule.ac.at\/en\/hochschultag-kuenstliche-intelligenz-und-kunst-hochschule-chancen-risiken-verantwortung\",\"url\":\"https:\/\/stella-musikhochschule.ac.at\/en\/hochschultag-kuenstliche-intelligenz-und-kunst-hochschule-chancen-risiken-verantwortung\",\"name\":\"Hochschultag: \u00bbK\u00fcnstliche Intelligenz und (Kunst-)Hochschule \u2013 Chancen, Risiken, Verantwortung\u00ab - Stella Vorarlberg\",\"isPartOf\":{\"@id\":\"https:\/\/stella-musikhochschule.ac.at\/#website\"},\"datePublished\":\"2025-11-25T06:57:16+00:00\",\"dateModified\":\"2025-12-11T07:05:10+00:00\",\"breadcrumb\":{\"@id\":\"https:\/\/stella-musikhochschule.ac.at\/en\/hochschultag-kuenstliche-intelligenz-und-kunst-hochschule-chancen-risiken-verantwortung#breadcrumb\"},\"inLanguage\":\"en-US\",\"potentialAction\":[{\"@type\":\"ReadAction\",\"target\":[\"https:\/\/stella-musikhochschule.ac.at\/en\/hochschultag-kuenstliche-intelligenz-und-kunst-hochschule-chancen-risiken-verantwortung\"]}]},{\"@type\":\"BreadcrumbList\",\"@id\":\"https:\/\/stella-musikhochschule.ac.at\/en\/hochschultag-kuenstliche-intelligenz-und-kunst-hochschule-chancen-risiken-verantwortung#breadcrumb\",\"itemListElement\":[{\"@type\":\"ListItem\",\"position\":1,\"name\":\"Startseite\",\"item\":\"https:\/\/stella-musikhochschule.ac.at\/en\"},{\"@type\":\"ListItem\",\"position\":2,\"name\":\"Hochschultag: \u00bbK\u00fcnstliche Intelligenz und (Kunst-)Hochschule \u2013 Chancen, Risiken, Verantwortung\u00ab\"}]},{\"@type\":\"WebSite\",\"@id\":\"https:\/\/stella-musikhochschule.ac.at\/#website\",\"url\":\"https:\/\/stella-musikhochschule.ac.at\/\",\"name\":\"Stella Vorarlberg\",\"description\":\"Privathochschule f\u00fcr Musik\",\"publisher\":{\"@id\":\"https:\/\/stella-musikhochschule.ac.at\/#organization\"},\"potentialAction\":[{\"@type\":\"SearchAction\",\"target\":{\"@type\":\"EntryPoint\",\"urlTemplate\":\"https:\/\/stella-musikhochschule.ac.at\/?s={search_term_string}\"},\"query-input\":{\"@type\":\"PropertyValueSpecification\",\"valueRequired\":true,\"valueName\":\"search_term_string\"}}],\"inLanguage\":\"en-US\"},{\"@type\":\"Organization\",\"@id\":\"https:\/\/stella-musikhochschule.ac.at\/#organization\",\"name\":\"Stella Vorarlberg Privathochschule f\u00fcr Musik\",\"url\":\"https:\/\/stella-musikhochschule.ac.at\/\",\"logo\":{\"@type\":\"ImageObject\",\"inLanguage\":\"en-US\",\"@id\":\"https:\/\/stella-musikhochschule.ac.at\/#\/schema\/logo\/image\/\",\"url\":\"https:\/\/stella-musikhochschule.ac.at\/wp-content\/uploads\/2023\/01\/logo-zusatz.svg\",\"contentUrl\":\"https:\/\/stella-musikhochschule.ac.at\/wp-content\/uploads\/2023\/01\/logo-zusatz.svg\",\"width\":108,\"height\":57,\"caption\":\"Stella Vorarlberg Privathochschule f\u00fcr Musik\"},\"image\":{\"@id\":\"https:\/\/stella-musikhochschule.ac.at\/#\/schema\/logo\/image\/\"},\"sameAs\":[\"https:\/\/www.facebook.com\/stellamusikhochschule\",\"http:\/\/www.instagram.com\/stellamusikhochschule\",\"https:\/\/www.youtube.com\/channel\/UCOzOrROMt11QxTxkjmY6NKg\",\"https:\/\/www.tiktok.com\/@stellamusikhochschule\",\"https:\/\/open.spotify.com\/user\/31fs43ork2u3njhtilofu2bk7tue?si=fe62738c70524caa\"]},{\"@type\":\"Person\",\"@id\":\"https:\/\/stella-musikhochschule.ac.at\/#\/schema\/person\/1e574ac44f7050daa7fd23cb94228292\",\"name\":\"Victor Marin\",\"image\":{\"@type\":\"ImageObject\",\"inLanguage\":\"en-US\",\"@id\":\"https:\/\/stella-musikhochschule.ac.at\/#\/schema\/person\/image\/\",\"url\":\"https:\/\/secure.gravatar.com\/avatar\/f8189638f3a03b7822b382425da0318468569fe40d5fbb547d7629eaa2573a21?s=96&d=mm&r=g\",\"contentUrl\":\"https:\/\/secure.gravatar.com\/avatar\/f8189638f3a03b7822b382425da0318468569fe40d5fbb547d7629eaa2573a21?s=96&d=mm&r=g\",\"caption\":\"Victor Marin\"},\"url\":\"https:\/\/stella-musikhochschule.ac.at\/en\/author\/57a6baf9f34cdf4f\"}]}<\/script>\n<!-- \/ Yoast SEO plugin. -->","yoast_head_json":{"title":"Hochschultag: \u00bbK\u00fcnstliche Intelligenz und (Kunst-)Hochschule \u2013 Chancen, Risiken, Verantwortung\u00ab - Stella Vorarlberg","robots":{"index":"index","follow":"follow","max-snippet":"max-snippet:-1","max-image-preview":"max-image-preview:large","max-video-preview":"max-video-preview:-1"},"canonical":"https:\/\/stella-musikhochschule.ac.at\/en\/hochschultag-kuenstliche-intelligenz-und-kunst-hochschule-chancen-risiken-verantwortung","og_locale":"en_US","og_type":"article","og_title":"Hochschultag: \u00bbK\u00fcnstliche Intelligenz und (Kunst-)Hochschule \u2013 Chancen, Risiken, Verantwortung\u00ab - Stella Vorarlberg","og_description":"Der diesj\u00e4hrige Hochschultag widmet sich der Rolle von K\u00fcnstlicher Intelligenz aus bildungspolitischer, forschungsbezogener und k\u00fcnstlerischer Perspektive als auch in ihren praktischen Anwendungen im Hochschulkontext. Zentrale Leitfragen: Beitr\u00e4ge und (vorl\u00e4ufiges) Programm: An- und Abmeldung rektorat@stella-musikhochschule.ac.at","og_url":"https:\/\/stella-musikhochschule.ac.at\/en\/hochschultag-kuenstliche-intelligenz-und-kunst-hochschule-chancen-risiken-verantwortung","og_site_name":"Stella Vorarlberg","article_publisher":"https:\/\/www.facebook.com\/stellamusikhochschule","article_published_time":"2025-11-25T06:57:16+00:00","article_modified_time":"2025-12-11T07:05:10+00:00","author":"Victor Marin","twitter_card":"summary_large_image","twitter_misc":{"Written by":"Victor Marin","Est. reading time":"1 minute"},"schema":{"@context":"https:\/\/schema.org","@graph":[{"@type":"Article","@id":"https:\/\/stella-musikhochschule.ac.at\/en\/hochschultag-kuenstliche-intelligenz-und-kunst-hochschule-chancen-risiken-verantwortung#article","isPartOf":{"@id":"https:\/\/stella-musikhochschule.ac.at\/en\/hochschultag-kuenstliche-intelligenz-und-kunst-hochschule-chancen-risiken-verantwortung"},"author":{"name":"Victor Marin","@id":"https:\/\/stella-musikhochschule.ac.at\/#\/schema\/person\/1e574ac44f7050daa7fd23cb94228292"},"headline":"Hochschultag: \u00bbK\u00fcnstliche Intelligenz und (Kunst-)Hochschule \u2013 Chancen, Risiken, Verantwortung\u00ab","datePublished":"2025-11-25T06:57:16+00:00","dateModified":"2025-12-11T07:05:10+00:00","mainEntityOfPage":{"@id":"https:\/\/stella-musikhochschule.ac.at\/en\/hochschultag-kuenstliche-intelligenz-und-kunst-hochschule-chancen-risiken-verantwortung"},"wordCount":183,"commentCount":0,"publisher":{"@id":"https:\/\/stella-musikhochschule.ac.at\/#organization"},"articleSection":["Unkategorisiert"],"inLanguage":"en-US","potentialAction":[{"@type":"CommentAction","name":"Comment","target":["https:\/\/stella-musikhochschule.ac.at\/en\/hochschultag-kuenstliche-intelligenz-und-kunst-hochschule-chancen-risiken-verantwortung#respond"]}]},{"@type":"WebPage","@id":"https:\/\/stella-musikhochschule.ac.at\/en\/hochschultag-kuenstliche-intelligenz-und-kunst-hochschule-chancen-risiken-verantwortung","url":"https:\/\/stella-musikhochschule.ac.at\/en\/hochschultag-kuenstliche-intelligenz-und-kunst-hochschule-chancen-risiken-verantwortung","name":"Hochschultag: \u00bbK\u00fcnstliche Intelligenz und (Kunst-)Hochschule \u2013 Chancen, Risiken, Verantwortung\u00ab - Stella Vorarlberg","isPartOf":{"@id":"https:\/\/stella-musikhochschule.ac.at\/#website"},"datePublished":"2025-11-25T06:57:16+00:00","dateModified":"2025-12-11T07:05:10+00:00","breadcrumb":{"@id":"https:\/\/stella-musikhochschule.ac.at\/en\/hochschultag-kuenstliche-intelligenz-und-kunst-hochschule-chancen-risiken-verantwortung#breadcrumb"},"inLanguage":"en-US","potentialAction":[{"@type":"ReadAction","target":["https:\/\/stella-musikhochschule.ac.at\/en\/hochschultag-kuenstliche-intelligenz-und-kunst-hochschule-chancen-risiken-verantwortung"]}]},{"@type":"BreadcrumbList","@id":"https:\/\/stella-musikhochschule.ac.at\/en\/hochschultag-kuenstliche-intelligenz-und-kunst-hochschule-chancen-risiken-verantwortung#breadcrumb","itemListElement":[{"@type":"ListItem","position":1,"name":"Startseite","item":"https:\/\/stella-musikhochschule.ac.at\/en"},{"@type":"ListItem","position":2,"name":"Hochschultag: \u00bbK\u00fcnstliche Intelligenz und (Kunst-)Hochschule \u2013 Chancen, Risiken, Verantwortung\u00ab"}]},{"@type":"WebSite","@id":"https:\/\/stella-musikhochschule.ac.at\/#website","url":"https:\/\/stella-musikhochschule.ac.at\/","name":"Stella Vorarlberg","description":"Privathochschule f\u00fcr Musik","publisher":{"@id":"https:\/\/stella-musikhochschule.ac.at\/#organization"},"potentialAction":[{"@type":"SearchAction","target":{"@type":"EntryPoint","urlTemplate":"https:\/\/stella-musikhochschule.ac.at\/?s={search_term_string}"},"query-input":{"@type":"PropertyValueSpecification","valueRequired":true,"valueName":"search_term_string"}}],"inLanguage":"en-US"},{"@type":"Organization","@id":"https:\/\/stella-musikhochschule.ac.at\/#organization","name":"Stella Vorarlberg Privathochschule f\u00fcr Musik","url":"https:\/\/stella-musikhochschule.ac.at\/","logo":{"@type":"ImageObject","inLanguage":"en-US","@id":"https:\/\/stella-musikhochschule.ac.at\/#\/schema\/logo\/image\/","url":"https:\/\/stella-musikhochschule.ac.at\/wp-content\/uploads\/2023\/01\/logo-zusatz.svg","contentUrl":"https:\/\/stella-musikhochschule.ac.at\/wp-content\/uploads\/2023\/01\/logo-zusatz.svg","width":108,"height":57,"caption":"Stella Vorarlberg Privathochschule f\u00fcr Musik"},"image":{"@id":"https:\/\/stella-musikhochschule.ac.at\/#\/schema\/logo\/image\/"},"sameAs":["https:\/\/www.facebook.com\/stellamusikhochschule","http:\/\/www.instagram.com\/stellamusikhochschule","https:\/\/www.youtube.com\/channel\/UCOzOrROMt11QxTxkjmY6NKg","https:\/\/www.tiktok.com\/@stellamusikhochschule","https:\/\/open.spotify.com\/user\/31fs43ork2u3njhtilofu2bk7tue?si=fe62738c70524caa"]},{"@type":"Person","@id":"https:\/\/stella-musikhochschule.ac.at\/#\/schema\/person\/1e574ac44f7050daa7fd23cb94228292","name":"Victor Marin","image":{"@type":"ImageObject","inLanguage":"en-US","@id":"https:\/\/stella-musikhochschule.ac.at\/#\/schema\/person\/image\/","url":"https:\/\/secure.gravatar.com\/avatar\/f8189638f3a03b7822b382425da0318468569fe40d5fbb547d7629eaa2573a21?s=96&d=mm&r=g","contentUrl":"https:\/\/secure.gravatar.com\/avatar\/f8189638f3a03b7822b382425da0318468569fe40d5fbb547d7629eaa2573a21?s=96&d=mm&r=g","caption":"Victor Marin"},"url":"https:\/\/stella-musikhochschule.ac.at\/en\/author\/57a6baf9f34cdf4f"}]}},"_links":{"self":[{"href":"https:\/\/stella-musikhochschule.ac.at\/en\/wp-json\/wp\/v2\/posts\/5391","targetHints":{"allow":["GET"]}}],"collection":[{"href":"https:\/\/stella-musikhochschule.ac.at\/en\/wp-json\/wp\/v2\/posts"}],"about":[{"href":"https:\/\/stella-musikhochschule.ac.at\/en\/wp-json\/wp\/v2\/types\/post"}],"author":[{"embeddable":true,"href":"https:\/\/stella-musikhochschule.ac.at\/en\/wp-json\/wp\/v2\/users\/4"}],"replies":[{"embeddable":true,"href":"https:\/\/stella-musikhochschule.ac.at\/en\/wp-json\/wp\/v2\/comments?post=5391"}],"version-history":[{"count":0,"href":"https:\/\/stella-musikhochschule.ac.at\/en\/wp-json\/wp\/v2\/posts\/5391\/revisions"}],"wp:attachment":[{"href":"https:\/\/stella-musikhochschule.ac.at\/en\/wp-json\/wp\/v2\/media?parent=5391"}],"wp:term":[{"taxonomy":"category","embeddable":true,"href":"https:\/\/stella-musikhochschule.ac.at\/en\/wp-json\/wp\/v2\/categories?post=5391"},{"taxonomy":"post_tag","embeddable":true,"href":"https:\/\/stella-musikhochschule.ac.at\/en\/wp-json\/wp\/v2\/tags?post=5391"}],"curies":[{"name":"wp","href":"https:\/\/api.w.org\/{rel}","templated":true}]}}