{"id":5372,"date":"2025-11-21T15:07:22","date_gmt":"2025-11-21T14:07:22","guid":{"rendered":"https:\/\/stella-musikhochschule.ac.at\/stella-musikhochschule-in-der-bologna-community"},"modified":"2025-11-21T15:11:27","modified_gmt":"2025-11-21T14:11:27","slug":"stella-musikhochschule-in-der-bologna-community","status":"publish","type":"post","link":"https:\/\/stella-musikhochschule.ac.at\/en\/stella-musikhochschule-in-der-bologna-community","title":{"rendered":"Rektor Dr. J\u00f6rg Maria Ortwein verst\u00e4rkt Expert*innenteam f\u00fcr den Europ\u00e4ischen Hochschulraum"},"content":{"rendered":"\n<div class=\"wp-block-columns is-layout-flex wp-container-core-columns-is-layout-9d6595d7 wp-block-columns-is-layout-flex\">\n<div class=\"wp-block-column is-layout-flow wp-block-column-is-layout-flow\" style=\"flex-basis:66.66%\">\n<p>Die Stella Musikhochschule freut sich, dass Rektor Dr. J\u00f6rg Maria Ortwein von der \u00d6sterreichischen Privatuniversit\u00e4ten-Konferenz (\u00d6PUK) als Experte im \u00bbExpert*innen-Team f\u00fcr den Europ\u00e4ischen Hochschulraum\u00ab (EHR Experts Team) nominiert und vom Bundesministerium f\u00fcr Frauen, Wissenschaft und Forschung (BMBWF) best\u00e4tigt wurde.<\/p>\n\n\n\n<p>Mit dieser Nominierung erh\u00e4lt der Sektor der \u00f6sterreichischen Privatuniversit\u00e4ten erstmals eine zus\u00e4tzliche fachliche Stimme in diesem nationalen Expert*innenkreis. Gleichzeitig bringt Dr. Ortwein als Rektor einer Musikhochschule erstmals Expertise aus dem Bereich der k\u00fcnstlerischen Hochschulen in dieses Gremium ein.<\/p>\n\n\n\n<p>Aufgrund seiner Rolle als EHR-Experte geh\u00f6rt Dr. Ortwein automatisch der Nationalen Bologna Follow-Up Gruppe (nat. BFUG) an, die zentral an der Weiterentwicklung und Umsetzung der Ziele des Europ\u00e4ischen Hochschulraums (EHEA) in \u00d6sterreich mitwirkt.<\/p>\n\n\n\n<p>Diese Mitwirkung st\u00e4rkt die Stimme der \u00f6sterreichischen Kunst- und Musikhochschulen im europ\u00e4ischen Hochschulprozess und erm\u00f6glicht der Stella, hochschulrechtliche, qualit\u00e4tssichernde und studierendenorientierte Entwicklungen auf europ\u00e4ischer Ebene fr\u00fchzeitig mitzugestalten.<\/p>\n\n\n\n<p>Wir gratulieren herzlich und freuen uns \u00fcber die Anerkennung sowie \u00fcber die St\u00e4rkung der nationalen und internationalen Vernetzung der Stella.<\/p>\n<\/div>\n\n\n\n<div class=\"wp-block-column is-layout-flow wp-block-column-is-layout-flow\" style=\"flex-basis:33.33%\">\n<figure class=\"wp-block-image size-full\"><img loading=\"lazy\" decoding=\"async\" width=\"532\" height=\"800\" src=\"https:\/\/stella-musikhochschule.ac.at\/wp-content\/uploads\/2025\/02\/Joerg-Ortwein-16.jpg\" alt=\"\" class=\"wp-image-3771\" srcset=\"https:\/\/stella-musikhochschule.ac.at\/wp-content\/uploads\/2025\/02\/Joerg-Ortwein-16.jpg 532w, https:\/\/stella-musikhochschule.ac.at\/wp-content\/uploads\/2025\/02\/Joerg-Ortwein-16-200x300.jpg 200w, https:\/\/stella-musikhochschule.ac.at\/wp-content\/uploads\/2025\/02\/Joerg-Ortwein-16-27x40.jpg 27w\" sizes=\"auto, (max-width: 532px) 100vw, 532px\" \/><\/figure>\n<\/div>\n<\/div>\n","protected":false},"excerpt":{"rendered":"<p>Die Stella Musikhochschule freut sich, dass Rektor Dr. J\u00f6rg Maria Ortwein von der \u00d6sterreichischen Privatuniversit\u00e4ten-Konferenz (\u00d6PUK) als Experte im \u00bbExpert*innen-Team f\u00fcr den Europ\u00e4ischen Hochschulraum\u00ab (EHR Experts Team) nominiert und vom Bundesministerium f\u00fcr Frauen, Wissenschaft und Forschung (BMBWF) best\u00e4tigt wurde. Mit dieser Nominierung erh\u00e4lt der Sektor der \u00f6sterreichischen Privatuniversit\u00e4ten erstmals eine zus\u00e4tzliche fachliche Stimme in diesem [&hellip;]<\/p>\n","protected":false},"author":4,"featured_media":0,"comment_status":"open","ping_status":"closed","sticky":false,"template":"","format":"standard","meta":{"_acf_changed":false,"inline_featured_image":false,"footnotes":""},"categories":[1],"tags":[],"class_list":["post-5372","post","type-post","status-publish","format-standard","hentry","category-unkategorisiert"],"acf":[],"yoast_head":"<!-- This site is optimized with the Yoast SEO plugin v26.8 - https:\/\/yoast.com\/product\/yoast-seo-wordpress\/ -->\n<title>Rektor Dr. J\u00f6rg Maria Ortwein verst\u00e4rkt Expert*innenteam f\u00fcr den Europ\u00e4ischen Hochschulraum - Stella Vorarlberg<\/title>\n<meta name=\"robots\" content=\"index, follow, max-snippet:-1, max-image-preview:large, max-video-preview:-1\" \/>\n<link rel=\"canonical\" href=\"https:\/\/stella-musikhochschule.ac.at\/en\/stella-musikhochschule-in-der-bologna-community\" \/>\n<meta property=\"og:locale\" content=\"en_US\" \/>\n<meta property=\"og:type\" content=\"article\" \/>\n<meta property=\"og:title\" content=\"Rektor Dr. J\u00f6rg Maria Ortwein verst\u00e4rkt Expert*innenteam f\u00fcr den Europ\u00e4ischen Hochschulraum - Stella Vorarlberg\" \/>\n<meta property=\"og:description\" content=\"Die Stella Musikhochschule freut sich, dass Rektor Dr. J\u00f6rg Maria Ortwein von der \u00d6sterreichischen Privatuniversit\u00e4ten-Konferenz (\u00d6PUK) als Experte im \u00bbExpert*innen-Team f\u00fcr den Europ\u00e4ischen Hochschulraum\u00ab (EHR Experts Team) nominiert und vom Bundesministerium f\u00fcr Frauen, Wissenschaft und Forschung (BMBWF) best\u00e4tigt wurde. Mit dieser Nominierung erh\u00e4lt der Sektor der \u00f6sterreichischen Privatuniversit\u00e4ten erstmals eine zus\u00e4tzliche fachliche Stimme in diesem [&hellip;]\" \/>\n<meta property=\"og:url\" content=\"https:\/\/stella-musikhochschule.ac.at\/en\/stella-musikhochschule-in-der-bologna-community\" \/>\n<meta property=\"og:site_name\" content=\"Stella Vorarlberg\" \/>\n<meta property=\"article:publisher\" content=\"https:\/\/www.facebook.com\/stellamusikhochschule\" \/>\n<meta property=\"article:published_time\" content=\"2025-11-21T14:07:22+00:00\" \/>\n<meta property=\"article:modified_time\" content=\"2025-11-21T14:11:27+00:00\" \/>\n<meta property=\"og:image\" content=\"https:\/\/stella-musikhochschule.ac.at\/wp-content\/uploads\/2025\/02\/Joerg-Ortwein-16.jpg\" \/>\n\t<meta property=\"og:image:width\" content=\"532\" \/>\n\t<meta property=\"og:image:height\" content=\"800\" \/>\n\t<meta property=\"og:image:type\" content=\"image\/jpeg\" \/>\n<meta name=\"author\" content=\"Victor Marin\" \/>\n<meta name=\"twitter:card\" content=\"summary_large_image\" \/>\n<meta name=\"twitter:label1\" content=\"Written by\" \/>\n\t<meta name=\"twitter:data1\" content=\"Victor Marin\" \/>\n\t<meta name=\"twitter:label2\" content=\"Est. reading time\" \/>\n\t<meta name=\"twitter:data2\" content=\"2 minutes\" \/>\n<script type=\"application\/ld+json\" class=\"yoast-schema-graph\">{\"@context\":\"https:\/\/schema.org\",\"@graph\":[{\"@type\":\"Article\",\"@id\":\"https:\/\/stella-musikhochschule.ac.at\/en\/stella-musikhochschule-in-der-bologna-community#article\",\"isPartOf\":{\"@id\":\"https:\/\/stella-musikhochschule.ac.at\/en\/stella-musikhochschule-in-der-bologna-community\"},\"author\":{\"name\":\"Victor Marin\",\"@id\":\"https:\/\/stella-musikhochschule.ac.at\/#\/schema\/person\/1e574ac44f7050daa7fd23cb94228292\"},\"headline\":\"Rektor Dr. J\u00f6rg Maria Ortwein verst\u00e4rkt Expert*innenteam f\u00fcr den Europ\u00e4ischen Hochschulraum\",\"datePublished\":\"2025-11-21T14:07:22+00:00\",\"dateModified\":\"2025-11-21T14:11:27+00:00\",\"mainEntityOfPage\":{\"@id\":\"https:\/\/stella-musikhochschule.ac.at\/en\/stella-musikhochschule-in-der-bologna-community\"},\"wordCount\":194,\"commentCount\":0,\"publisher\":{\"@id\":\"https:\/\/stella-musikhochschule.ac.at\/#organization\"},\"image\":{\"@id\":\"https:\/\/stella-musikhochschule.ac.at\/en\/stella-musikhochschule-in-der-bologna-community#primaryimage\"},\"thumbnailUrl\":\"https:\/\/stella-musikhochschule.ac.at\/wp-content\/uploads\/2025\/02\/Joerg-Ortwein-16.jpg\",\"articleSection\":[\"Unkategorisiert\"],\"inLanguage\":\"en-US\",\"potentialAction\":[{\"@type\":\"CommentAction\",\"name\":\"Comment\",\"target\":[\"https:\/\/stella-musikhochschule.ac.at\/en\/stella-musikhochschule-in-der-bologna-community#respond\"]}]},{\"@type\":\"WebPage\",\"@id\":\"https:\/\/stella-musikhochschule.ac.at\/en\/stella-musikhochschule-in-der-bologna-community\",\"url\":\"https:\/\/stella-musikhochschule.ac.at\/en\/stella-musikhochschule-in-der-bologna-community\",\"name\":\"Rektor Dr. J\u00f6rg Maria Ortwein verst\u00e4rkt Expert*innenteam f\u00fcr den Europ\u00e4ischen Hochschulraum - Stella Vorarlberg\",\"isPartOf\":{\"@id\":\"https:\/\/stella-musikhochschule.ac.at\/#website\"},\"primaryImageOfPage\":{\"@id\":\"https:\/\/stella-musikhochschule.ac.at\/en\/stella-musikhochschule-in-der-bologna-community#primaryimage\"},\"image\":{\"@id\":\"https:\/\/stella-musikhochschule.ac.at\/en\/stella-musikhochschule-in-der-bologna-community#primaryimage\"},\"thumbnailUrl\":\"https:\/\/stella-musikhochschule.ac.at\/wp-content\/uploads\/2025\/02\/Joerg-Ortwein-16.jpg\",\"datePublished\":\"2025-11-21T14:07:22+00:00\",\"dateModified\":\"2025-11-21T14:11:27+00:00\",\"breadcrumb\":{\"@id\":\"https:\/\/stella-musikhochschule.ac.at\/en\/stella-musikhochschule-in-der-bologna-community#breadcrumb\"},\"inLanguage\":\"en-US\",\"potentialAction\":[{\"@type\":\"ReadAction\",\"target\":[\"https:\/\/stella-musikhochschule.ac.at\/en\/stella-musikhochschule-in-der-bologna-community\"]}]},{\"@type\":\"ImageObject\",\"inLanguage\":\"en-US\",\"@id\":\"https:\/\/stella-musikhochschule.ac.at\/en\/stella-musikhochschule-in-der-bologna-community#primaryimage\",\"url\":\"https:\/\/stella-musikhochschule.ac.at\/wp-content\/uploads\/2025\/02\/Joerg-Ortwein-16.jpg\",\"contentUrl\":\"https:\/\/stella-musikhochschule.ac.at\/wp-content\/uploads\/2025\/02\/Joerg-Ortwein-16.jpg\"},{\"@type\":\"BreadcrumbList\",\"@id\":\"https:\/\/stella-musikhochschule.ac.at\/en\/stella-musikhochschule-in-der-bologna-community#breadcrumb\",\"itemListElement\":[{\"@type\":\"ListItem\",\"position\":1,\"name\":\"Startseite\",\"item\":\"https:\/\/stella-musikhochschule.ac.at\/en\"},{\"@type\":\"ListItem\",\"position\":2,\"name\":\"Rektor Dr. J\u00f6rg Maria Ortwein verst\u00e4rkt Expert*innenteam f\u00fcr den Europ\u00e4ischen Hochschulraum\"}]},{\"@type\":\"WebSite\",\"@id\":\"https:\/\/stella-musikhochschule.ac.at\/#website\",\"url\":\"https:\/\/stella-musikhochschule.ac.at\/\",\"name\":\"Stella Vorarlberg\",\"description\":\"Privathochschule f\u00fcr Musik\",\"publisher\":{\"@id\":\"https:\/\/stella-musikhochschule.ac.at\/#organization\"},\"potentialAction\":[{\"@type\":\"SearchAction\",\"target\":{\"@type\":\"EntryPoint\",\"urlTemplate\":\"https:\/\/stella-musikhochschule.ac.at\/?s={search_term_string}\"},\"query-input\":{\"@type\":\"PropertyValueSpecification\",\"valueRequired\":true,\"valueName\":\"search_term_string\"}}],\"inLanguage\":\"en-US\"},{\"@type\":\"Organization\",\"@id\":\"https:\/\/stella-musikhochschule.ac.at\/#organization\",\"name\":\"Stella Vorarlberg Privathochschule f\u00fcr Musik\",\"url\":\"https:\/\/stella-musikhochschule.ac.at\/\",\"logo\":{\"@type\":\"ImageObject\",\"inLanguage\":\"en-US\",\"@id\":\"https:\/\/stella-musikhochschule.ac.at\/#\/schema\/logo\/image\/\",\"url\":\"https:\/\/stella-musikhochschule.ac.at\/wp-content\/uploads\/2023\/01\/logo-zusatz.svg\",\"contentUrl\":\"https:\/\/stella-musikhochschule.ac.at\/wp-content\/uploads\/2023\/01\/logo-zusatz.svg\",\"width\":108,\"height\":57,\"caption\":\"Stella Vorarlberg Privathochschule f\u00fcr Musik\"},\"image\":{\"@id\":\"https:\/\/stella-musikhochschule.ac.at\/#\/schema\/logo\/image\/\"},\"sameAs\":[\"https:\/\/www.facebook.com\/stellamusikhochschule\",\"http:\/\/www.instagram.com\/stellamusikhochschule\",\"https:\/\/www.youtube.com\/channel\/UCOzOrROMt11QxTxkjmY6NKg\",\"https:\/\/www.tiktok.com\/@stellamusikhochschule\",\"https:\/\/open.spotify.com\/user\/31fs43ork2u3njhtilofu2bk7tue?si=fe62738c70524caa\"]},{\"@type\":\"Person\",\"@id\":\"https:\/\/stella-musikhochschule.ac.at\/#\/schema\/person\/1e574ac44f7050daa7fd23cb94228292\",\"name\":\"Victor Marin\",\"image\":{\"@type\":\"ImageObject\",\"inLanguage\":\"en-US\",\"@id\":\"https:\/\/stella-musikhochschule.ac.at\/#\/schema\/person\/image\/\",\"url\":\"https:\/\/secure.gravatar.com\/avatar\/f8189638f3a03b7822b382425da0318468569fe40d5fbb547d7629eaa2573a21?s=96&d=mm&r=g\",\"contentUrl\":\"https:\/\/secure.gravatar.com\/avatar\/f8189638f3a03b7822b382425da0318468569fe40d5fbb547d7629eaa2573a21?s=96&d=mm&r=g\",\"caption\":\"Victor Marin\"},\"url\":\"https:\/\/stella-musikhochschule.ac.at\/en\/author\/57a6baf9f34cdf4f\"}]}<\/script>\n<!-- \/ Yoast SEO plugin. -->","yoast_head_json":{"title":"Rektor Dr. J\u00f6rg Maria Ortwein verst\u00e4rkt Expert*innenteam f\u00fcr den Europ\u00e4ischen Hochschulraum - Stella Vorarlberg","robots":{"index":"index","follow":"follow","max-snippet":"max-snippet:-1","max-image-preview":"max-image-preview:large","max-video-preview":"max-video-preview:-1"},"canonical":"https:\/\/stella-musikhochschule.ac.at\/en\/stella-musikhochschule-in-der-bologna-community","og_locale":"en_US","og_type":"article","og_title":"Rektor Dr. J\u00f6rg Maria Ortwein verst\u00e4rkt Expert*innenteam f\u00fcr den Europ\u00e4ischen Hochschulraum - Stella Vorarlberg","og_description":"Die Stella Musikhochschule freut sich, dass Rektor Dr. J\u00f6rg Maria Ortwein von der \u00d6sterreichischen Privatuniversit\u00e4ten-Konferenz (\u00d6PUK) als Experte im \u00bbExpert*innen-Team f\u00fcr den Europ\u00e4ischen Hochschulraum\u00ab (EHR Experts Team) nominiert und vom Bundesministerium f\u00fcr Frauen, Wissenschaft und Forschung (BMBWF) best\u00e4tigt wurde. Mit dieser Nominierung erh\u00e4lt der Sektor der \u00f6sterreichischen Privatuniversit\u00e4ten erstmals eine zus\u00e4tzliche fachliche Stimme in diesem [&hellip;]","og_url":"https:\/\/stella-musikhochschule.ac.at\/en\/stella-musikhochschule-in-der-bologna-community","og_site_name":"Stella Vorarlberg","article_publisher":"https:\/\/www.facebook.com\/stellamusikhochschule","article_published_time":"2025-11-21T14:07:22+00:00","article_modified_time":"2025-11-21T14:11:27+00:00","og_image":[{"width":532,"height":800,"url":"https:\/\/stella-musikhochschule.ac.at\/wp-content\/uploads\/2025\/02\/Joerg-Ortwein-16.jpg","type":"image\/jpeg"}],"author":"Victor Marin","twitter_card":"summary_large_image","twitter_misc":{"Written by":"Victor Marin","Est. reading time":"2 minutes"},"schema":{"@context":"https:\/\/schema.org","@graph":[{"@type":"Article","@id":"https:\/\/stella-musikhochschule.ac.at\/en\/stella-musikhochschule-in-der-bologna-community#article","isPartOf":{"@id":"https:\/\/stella-musikhochschule.ac.at\/en\/stella-musikhochschule-in-der-bologna-community"},"author":{"name":"Victor Marin","@id":"https:\/\/stella-musikhochschule.ac.at\/#\/schema\/person\/1e574ac44f7050daa7fd23cb94228292"},"headline":"Rektor Dr. J\u00f6rg Maria Ortwein verst\u00e4rkt Expert*innenteam f\u00fcr den Europ\u00e4ischen Hochschulraum","datePublished":"2025-11-21T14:07:22+00:00","dateModified":"2025-11-21T14:11:27+00:00","mainEntityOfPage":{"@id":"https:\/\/stella-musikhochschule.ac.at\/en\/stella-musikhochschule-in-der-bologna-community"},"wordCount":194,"commentCount":0,"publisher":{"@id":"https:\/\/stella-musikhochschule.ac.at\/#organization"},"image":{"@id":"https:\/\/stella-musikhochschule.ac.at\/en\/stella-musikhochschule-in-der-bologna-community#primaryimage"},"thumbnailUrl":"https:\/\/stella-musikhochschule.ac.at\/wp-content\/uploads\/2025\/02\/Joerg-Ortwein-16.jpg","articleSection":["Unkategorisiert"],"inLanguage":"en-US","potentialAction":[{"@type":"CommentAction","name":"Comment","target":["https:\/\/stella-musikhochschule.ac.at\/en\/stella-musikhochschule-in-der-bologna-community#respond"]}]},{"@type":"WebPage","@id":"https:\/\/stella-musikhochschule.ac.at\/en\/stella-musikhochschule-in-der-bologna-community","url":"https:\/\/stella-musikhochschule.ac.at\/en\/stella-musikhochschule-in-der-bologna-community","name":"Rektor Dr. J\u00f6rg Maria Ortwein verst\u00e4rkt Expert*innenteam f\u00fcr den Europ\u00e4ischen Hochschulraum - Stella Vorarlberg","isPartOf":{"@id":"https:\/\/stella-musikhochschule.ac.at\/#website"},"primaryImageOfPage":{"@id":"https:\/\/stella-musikhochschule.ac.at\/en\/stella-musikhochschule-in-der-bologna-community#primaryimage"},"image":{"@id":"https:\/\/stella-musikhochschule.ac.at\/en\/stella-musikhochschule-in-der-bologna-community#primaryimage"},"thumbnailUrl":"https:\/\/stella-musikhochschule.ac.at\/wp-content\/uploads\/2025\/02\/Joerg-Ortwein-16.jpg","datePublished":"2025-11-21T14:07:22+00:00","dateModified":"2025-11-21T14:11:27+00:00","breadcrumb":{"@id":"https:\/\/stella-musikhochschule.ac.at\/en\/stella-musikhochschule-in-der-bologna-community#breadcrumb"},"inLanguage":"en-US","potentialAction":[{"@type":"ReadAction","target":["https:\/\/stella-musikhochschule.ac.at\/en\/stella-musikhochschule-in-der-bologna-community"]}]},{"@type":"ImageObject","inLanguage":"en-US","@id":"https:\/\/stella-musikhochschule.ac.at\/en\/stella-musikhochschule-in-der-bologna-community#primaryimage","url":"https:\/\/stella-musikhochschule.ac.at\/wp-content\/uploads\/2025\/02\/Joerg-Ortwein-16.jpg","contentUrl":"https:\/\/stella-musikhochschule.ac.at\/wp-content\/uploads\/2025\/02\/Joerg-Ortwein-16.jpg"},{"@type":"BreadcrumbList","@id":"https:\/\/stella-musikhochschule.ac.at\/en\/stella-musikhochschule-in-der-bologna-community#breadcrumb","itemListElement":[{"@type":"ListItem","position":1,"name":"Startseite","item":"https:\/\/stella-musikhochschule.ac.at\/en"},{"@type":"ListItem","position":2,"name":"Rektor Dr. J\u00f6rg Maria Ortwein verst\u00e4rkt Expert*innenteam f\u00fcr den Europ\u00e4ischen Hochschulraum"}]},{"@type":"WebSite","@id":"https:\/\/stella-musikhochschule.ac.at\/#website","url":"https:\/\/stella-musikhochschule.ac.at\/","name":"Stella Vorarlberg","description":"Privathochschule f\u00fcr Musik","publisher":{"@id":"https:\/\/stella-musikhochschule.ac.at\/#organization"},"potentialAction":[{"@type":"SearchAction","target":{"@type":"EntryPoint","urlTemplate":"https:\/\/stella-musikhochschule.ac.at\/?s={search_term_string}"},"query-input":{"@type":"PropertyValueSpecification","valueRequired":true,"valueName":"search_term_string"}}],"inLanguage":"en-US"},{"@type":"Organization","@id":"https:\/\/stella-musikhochschule.ac.at\/#organization","name":"Stella Vorarlberg Privathochschule f\u00fcr Musik","url":"https:\/\/stella-musikhochschule.ac.at\/","logo":{"@type":"ImageObject","inLanguage":"en-US","@id":"https:\/\/stella-musikhochschule.ac.at\/#\/schema\/logo\/image\/","url":"https:\/\/stella-musikhochschule.ac.at\/wp-content\/uploads\/2023\/01\/logo-zusatz.svg","contentUrl":"https:\/\/stella-musikhochschule.ac.at\/wp-content\/uploads\/2023\/01\/logo-zusatz.svg","width":108,"height":57,"caption":"Stella Vorarlberg Privathochschule f\u00fcr Musik"},"image":{"@id":"https:\/\/stella-musikhochschule.ac.at\/#\/schema\/logo\/image\/"},"sameAs":["https:\/\/www.facebook.com\/stellamusikhochschule","http:\/\/www.instagram.com\/stellamusikhochschule","https:\/\/www.youtube.com\/channel\/UCOzOrROMt11QxTxkjmY6NKg","https:\/\/www.tiktok.com\/@stellamusikhochschule","https:\/\/open.spotify.com\/user\/31fs43ork2u3njhtilofu2bk7tue?si=fe62738c70524caa"]},{"@type":"Person","@id":"https:\/\/stella-musikhochschule.ac.at\/#\/schema\/person\/1e574ac44f7050daa7fd23cb94228292","name":"Victor Marin","image":{"@type":"ImageObject","inLanguage":"en-US","@id":"https:\/\/stella-musikhochschule.ac.at\/#\/schema\/person\/image\/","url":"https:\/\/secure.gravatar.com\/avatar\/f8189638f3a03b7822b382425da0318468569fe40d5fbb547d7629eaa2573a21?s=96&d=mm&r=g","contentUrl":"https:\/\/secure.gravatar.com\/avatar\/f8189638f3a03b7822b382425da0318468569fe40d5fbb547d7629eaa2573a21?s=96&d=mm&r=g","caption":"Victor Marin"},"url":"https:\/\/stella-musikhochschule.ac.at\/en\/author\/57a6baf9f34cdf4f"}]}},"_links":{"self":[{"href":"https:\/\/stella-musikhochschule.ac.at\/en\/wp-json\/wp\/v2\/posts\/5372","targetHints":{"allow":["GET"]}}],"collection":[{"href":"https:\/\/stella-musikhochschule.ac.at\/en\/wp-json\/wp\/v2\/posts"}],"about":[{"href":"https:\/\/stella-musikhochschule.ac.at\/en\/wp-json\/wp\/v2\/types\/post"}],"author":[{"embeddable":true,"href":"https:\/\/stella-musikhochschule.ac.at\/en\/wp-json\/wp\/v2\/users\/4"}],"replies":[{"embeddable":true,"href":"https:\/\/stella-musikhochschule.ac.at\/en\/wp-json\/wp\/v2\/comments?post=5372"}],"version-history":[{"count":0,"href":"https:\/\/stella-musikhochschule.ac.at\/en\/wp-json\/wp\/v2\/posts\/5372\/revisions"}],"wp:attachment":[{"href":"https:\/\/stella-musikhochschule.ac.at\/en\/wp-json\/wp\/v2\/media?parent=5372"}],"wp:term":[{"taxonomy":"category","embeddable":true,"href":"https:\/\/stella-musikhochschule.ac.at\/en\/wp-json\/wp\/v2\/categories?post=5372"},{"taxonomy":"post_tag","embeddable":true,"href":"https:\/\/stella-musikhochschule.ac.at\/en\/wp-json\/wp\/v2\/tags?post=5372"}],"curies":[{"name":"wp","href":"https:\/\/api.w.org\/{rel}","templated":true}]}}