{"id":4798,"date":"2025-09-19T14:26:53","date_gmt":"2025-09-19T12:26:53","guid":{"rendered":"https:\/\/stella-musikhochschule.ac.at\/68-generalversammlung-in-krems-an-der-donau"},"modified":"2025-09-19T14:27:32","modified_gmt":"2025-09-19T12:27:32","slug":"68-generalversammlung-in-krems-an-der-donau","status":"publish","type":"post","link":"https:\/\/stella-musikhochschule.ac.at\/en\/68-generalversammlung-in-krems-an-der-donau","title":{"rendered":"68. Generalversammlung in Krems an der Donau"},"content":{"rendered":"\n<figure class=\"wp-block-image alignfull size-large\"><img loading=\"lazy\" decoding=\"async\" width=\"2560\" height=\"1440\" src=\"https:\/\/stella-musikhochschule.ac.at\/wp-content\/uploads\/2025\/09\/OePUK_68._GV_KL_Krems_2-1-edited-scaled.jpeg\" alt=\"\" class=\"wp-image-4797\" srcset=\"https:\/\/stella-musikhochschule.ac.at\/wp-content\/uploads\/2025\/09\/OePUK_68._GV_KL_Krems_2-1-edited-scaled.jpeg 2560w, https:\/\/stella-musikhochschule.ac.at\/wp-content\/uploads\/2025\/09\/OePUK_68._GV_KL_Krems_2-1-edited-300x169.jpeg 300w, https:\/\/stella-musikhochschule.ac.at\/wp-content\/uploads\/2025\/09\/OePUK_68._GV_KL_Krems_2-1-edited-1680x945.jpeg 1680w, https:\/\/stella-musikhochschule.ac.at\/wp-content\/uploads\/2025\/09\/OePUK_68._GV_KL_Krems_2-1-edited-768x432.jpeg 768w, https:\/\/stella-musikhochschule.ac.at\/wp-content\/uploads\/2025\/09\/OePUK_68._GV_KL_Krems_2-1-edited-1536x864.jpeg 1536w, https:\/\/stella-musikhochschule.ac.at\/wp-content\/uploads\/2025\/09\/OePUK_68._GV_KL_Krems_2-1-edited-2048x1152.jpeg 2048w, https:\/\/stella-musikhochschule.ac.at\/wp-content\/uploads\/2025\/09\/OePUK_68._GV_KL_Krems_2-1-edited-40x23.jpeg 40w\" sizes=\"auto, (max-width: 2560px) 100vw, 2560px\" \/><\/figure>\n\n\n\n<div class=\"wp-block-columns is-layout-flex wp-container-core-columns-is-layout-9d6595d7 wp-block-columns-is-layout-flex\">\n<div class=\"wp-block-column is-layout-flow wp-block-column-is-layout-flow\" style=\"flex-basis:66.66%\">\n<p>Die Herbstsitzung der \u00d6PUK-Rektorate fand diesmal in den Weinbergen des Weltkulturerbes Wachau an der Karl Landsteiner Privatuniversit\u00e4t f\u00fcr Gesundheitswissenschaften statt.<\/p>\n\n\n\n<p>Erstmals dabei war der neue Rektor der NDU St. P\u00f6lten, Christoph Wech, als neues Vorstandsmitglied wurde Birgit Lusser, UMIT, zur Schriftf\u00fchrerin gew\u00e4hlt.<\/p>\n\n\n\n<p>Die Mitglieder befassten sich in ihrem Treffen unter anderem mit Themen der strategischen Kommunikation, Kooperationen und Digitalisierung.<\/p>\n\n\n\n<p class=\"has-small-font-size\">Bild: Eva-Maria Gruber<\/p>\n<\/div>\n\n\n\n<div class=\"wp-block-column is-layout-flow wp-block-column-is-layout-flow\" style=\"flex-basis:33.33%\"><\/div>\n<\/div>\n\n\n\n<p><\/p>\n","protected":false},"excerpt":{"rendered":"<p>Die Herbstsitzung der \u00d6PUK-Rektorate fand diesmal in den Weinbergen des Weltkulturerbes Wachau an der Karl Landsteiner Privatuniversit\u00e4t f\u00fcr Gesundheitswissenschaften statt. Erstmals dabei war der neue Rektor der NDU St. P\u00f6lten, Christoph Wech, als neues Vorstandsmitglied wurde Birgit Lusser, UMIT, zur Schriftf\u00fchrerin gew\u00e4hlt. Die Mitglieder befassten sich in ihrem Treffen unter anderem mit Themen der strategischen [&hellip;]<\/p>\n","protected":false},"author":4,"featured_media":0,"comment_status":"open","ping_status":"closed","sticky":false,"template":"","format":"standard","meta":{"_acf_changed":false,"inline_featured_image":false,"footnotes":""},"categories":[1],"tags":[],"class_list":["post-4798","post","type-post","status-publish","format-standard","hentry","category-unkategorisiert"],"acf":[],"yoast_head":"<!-- This site is optimized with the Yoast SEO plugin v26.8 - https:\/\/yoast.com\/product\/yoast-seo-wordpress\/ -->\n<title>68. Generalversammlung in Krems an der Donau - Stella Vorarlberg<\/title>\n<meta name=\"robots\" content=\"index, follow, max-snippet:-1, max-image-preview:large, max-video-preview:-1\" \/>\n<link rel=\"canonical\" href=\"https:\/\/stella-musikhochschule.ac.at\/en\/68-generalversammlung-in-krems-an-der-donau\" \/>\n<meta property=\"og:locale\" content=\"en_US\" \/>\n<meta property=\"og:type\" content=\"article\" \/>\n<meta property=\"og:title\" content=\"68. Generalversammlung in Krems an der Donau - Stella Vorarlberg\" \/>\n<meta property=\"og:description\" content=\"Die Herbstsitzung der \u00d6PUK-Rektorate fand diesmal in den Weinbergen des Weltkulturerbes Wachau an der Karl Landsteiner Privatuniversit\u00e4t f\u00fcr Gesundheitswissenschaften statt. Erstmals dabei war der neue Rektor der NDU St. P\u00f6lten, Christoph Wech, als neues Vorstandsmitglied wurde Birgit Lusser, UMIT, zur Schriftf\u00fchrerin gew\u00e4hlt. Die Mitglieder befassten sich in ihrem Treffen unter anderem mit Themen der strategischen [&hellip;]\" \/>\n<meta property=\"og:url\" content=\"https:\/\/stella-musikhochschule.ac.at\/en\/68-generalversammlung-in-krems-an-der-donau\" \/>\n<meta property=\"og:site_name\" content=\"Stella Vorarlberg\" \/>\n<meta property=\"article:publisher\" content=\"https:\/\/www.facebook.com\/stellamusikhochschule\" \/>\n<meta property=\"article:published_time\" content=\"2025-09-19T12:26:53+00:00\" \/>\n<meta property=\"article:modified_time\" content=\"2025-09-19T12:27:32+00:00\" \/>\n<meta property=\"og:image\" content=\"https:\/\/stella-musikhochschule.ac.at\/wp-content\/uploads\/2025\/09\/OePUK_68._GV_KL_Krems_2-1-edited-scaled.jpeg\" \/>\n\t<meta property=\"og:image:width\" content=\"2560\" \/>\n\t<meta property=\"og:image:height\" content=\"1440\" \/>\n\t<meta property=\"og:image:type\" content=\"image\/jpeg\" \/>\n<meta name=\"author\" content=\"Victor Marin\" \/>\n<meta name=\"twitter:card\" content=\"summary_large_image\" \/>\n<meta name=\"twitter:label1\" content=\"Written by\" \/>\n\t<meta name=\"twitter:data1\" content=\"Victor Marin\" \/>\n\t<meta name=\"twitter:label2\" content=\"Est. reading time\" \/>\n\t<meta name=\"twitter:data2\" content=\"1 minute\" \/>\n<script type=\"application\/ld+json\" class=\"yoast-schema-graph\">{\"@context\":\"https:\/\/schema.org\",\"@graph\":[{\"@type\":\"Article\",\"@id\":\"https:\/\/stella-musikhochschule.ac.at\/en\/68-generalversammlung-in-krems-an-der-donau#article\",\"isPartOf\":{\"@id\":\"https:\/\/stella-musikhochschule.ac.at\/en\/68-generalversammlung-in-krems-an-der-donau\"},\"author\":{\"name\":\"Victor Marin\",\"@id\":\"https:\/\/stella-musikhochschule.ac.at\/#\/schema\/person\/1e574ac44f7050daa7fd23cb94228292\"},\"headline\":\"68. Generalversammlung in Krems an der Donau\",\"datePublished\":\"2025-09-19T12:26:53+00:00\",\"dateModified\":\"2025-09-19T12:27:32+00:00\",\"mainEntityOfPage\":{\"@id\":\"https:\/\/stella-musikhochschule.ac.at\/en\/68-generalversammlung-in-krems-an-der-donau\"},\"wordCount\":73,\"commentCount\":0,\"publisher\":{\"@id\":\"https:\/\/stella-musikhochschule.ac.at\/#organization\"},\"image\":{\"@id\":\"https:\/\/stella-musikhochschule.ac.at\/en\/68-generalversammlung-in-krems-an-der-donau#primaryimage\"},\"thumbnailUrl\":\"https:\/\/stella-musikhochschule.ac.at\/wp-content\/uploads\/2025\/09\/OePUK_68._GV_KL_Krems_2-1-edited-scaled.jpeg\",\"articleSection\":[\"Unkategorisiert\"],\"inLanguage\":\"en-US\",\"potentialAction\":[{\"@type\":\"CommentAction\",\"name\":\"Comment\",\"target\":[\"https:\/\/stella-musikhochschule.ac.at\/en\/68-generalversammlung-in-krems-an-der-donau#respond\"]}]},{\"@type\":\"WebPage\",\"@id\":\"https:\/\/stella-musikhochschule.ac.at\/en\/68-generalversammlung-in-krems-an-der-donau\",\"url\":\"https:\/\/stella-musikhochschule.ac.at\/en\/68-generalversammlung-in-krems-an-der-donau\",\"name\":\"68. Generalversammlung in Krems an der Donau - Stella Vorarlberg\",\"isPartOf\":{\"@id\":\"https:\/\/stella-musikhochschule.ac.at\/#website\"},\"primaryImageOfPage\":{\"@id\":\"https:\/\/stella-musikhochschule.ac.at\/en\/68-generalversammlung-in-krems-an-der-donau#primaryimage\"},\"image\":{\"@id\":\"https:\/\/stella-musikhochschule.ac.at\/en\/68-generalversammlung-in-krems-an-der-donau#primaryimage\"},\"thumbnailUrl\":\"https:\/\/stella-musikhochschule.ac.at\/wp-content\/uploads\/2025\/09\/OePUK_68._GV_KL_Krems_2-1-edited-scaled.jpeg\",\"datePublished\":\"2025-09-19T12:26:53+00:00\",\"dateModified\":\"2025-09-19T12:27:32+00:00\",\"breadcrumb\":{\"@id\":\"https:\/\/stella-musikhochschule.ac.at\/en\/68-generalversammlung-in-krems-an-der-donau#breadcrumb\"},\"inLanguage\":\"en-US\",\"potentialAction\":[{\"@type\":\"ReadAction\",\"target\":[\"https:\/\/stella-musikhochschule.ac.at\/en\/68-generalversammlung-in-krems-an-der-donau\"]}]},{\"@type\":\"ImageObject\",\"inLanguage\":\"en-US\",\"@id\":\"https:\/\/stella-musikhochschule.ac.at\/en\/68-generalversammlung-in-krems-an-der-donau#primaryimage\",\"url\":\"https:\/\/stella-musikhochschule.ac.at\/wp-content\/uploads\/2025\/09\/OePUK_68._GV_KL_Krems_2-1-edited-scaled.jpeg\",\"contentUrl\":\"https:\/\/stella-musikhochschule.ac.at\/wp-content\/uploads\/2025\/09\/OePUK_68._GV_KL_Krems_2-1-edited-scaled.jpeg\"},{\"@type\":\"BreadcrumbList\",\"@id\":\"https:\/\/stella-musikhochschule.ac.at\/en\/68-generalversammlung-in-krems-an-der-donau#breadcrumb\",\"itemListElement\":[{\"@type\":\"ListItem\",\"position\":1,\"name\":\"Startseite\",\"item\":\"https:\/\/stella-musikhochschule.ac.at\/en\"},{\"@type\":\"ListItem\",\"position\":2,\"name\":\"68. Generalversammlung in Krems an der Donau\"}]},{\"@type\":\"WebSite\",\"@id\":\"https:\/\/stella-musikhochschule.ac.at\/#website\",\"url\":\"https:\/\/stella-musikhochschule.ac.at\/\",\"name\":\"Stella Vorarlberg\",\"description\":\"Privathochschule f\u00fcr Musik\",\"publisher\":{\"@id\":\"https:\/\/stella-musikhochschule.ac.at\/#organization\"},\"potentialAction\":[{\"@type\":\"SearchAction\",\"target\":{\"@type\":\"EntryPoint\",\"urlTemplate\":\"https:\/\/stella-musikhochschule.ac.at\/?s={search_term_string}\"},\"query-input\":{\"@type\":\"PropertyValueSpecification\",\"valueRequired\":true,\"valueName\":\"search_term_string\"}}],\"inLanguage\":\"en-US\"},{\"@type\":\"Organization\",\"@id\":\"https:\/\/stella-musikhochschule.ac.at\/#organization\",\"name\":\"Stella Vorarlberg Privathochschule f\u00fcr Musik\",\"url\":\"https:\/\/stella-musikhochschule.ac.at\/\",\"logo\":{\"@type\":\"ImageObject\",\"inLanguage\":\"en-US\",\"@id\":\"https:\/\/stella-musikhochschule.ac.at\/#\/schema\/logo\/image\/\",\"url\":\"https:\/\/stella-musikhochschule.ac.at\/wp-content\/uploads\/2023\/01\/logo-zusatz.svg\",\"contentUrl\":\"https:\/\/stella-musikhochschule.ac.at\/wp-content\/uploads\/2023\/01\/logo-zusatz.svg\",\"width\":108,\"height\":57,\"caption\":\"Stella Vorarlberg Privathochschule f\u00fcr Musik\"},\"image\":{\"@id\":\"https:\/\/stella-musikhochschule.ac.at\/#\/schema\/logo\/image\/\"},\"sameAs\":[\"https:\/\/www.facebook.com\/stellamusikhochschule\",\"http:\/\/www.instagram.com\/stellamusikhochschule\",\"https:\/\/www.youtube.com\/channel\/UCOzOrROMt11QxTxkjmY6NKg\",\"https:\/\/www.tiktok.com\/@stellamusikhochschule\",\"https:\/\/open.spotify.com\/user\/31fs43ork2u3njhtilofu2bk7tue?si=fe62738c70524caa\"]},{\"@type\":\"Person\",\"@id\":\"https:\/\/stella-musikhochschule.ac.at\/#\/schema\/person\/1e574ac44f7050daa7fd23cb94228292\",\"name\":\"Victor Marin\",\"image\":{\"@type\":\"ImageObject\",\"inLanguage\":\"en-US\",\"@id\":\"https:\/\/stella-musikhochschule.ac.at\/#\/schema\/person\/image\/\",\"url\":\"https:\/\/secure.gravatar.com\/avatar\/f8189638f3a03b7822b382425da0318468569fe40d5fbb547d7629eaa2573a21?s=96&d=mm&r=g\",\"contentUrl\":\"https:\/\/secure.gravatar.com\/avatar\/f8189638f3a03b7822b382425da0318468569fe40d5fbb547d7629eaa2573a21?s=96&d=mm&r=g\",\"caption\":\"Victor Marin\"},\"url\":\"https:\/\/stella-musikhochschule.ac.at\/en\/author\/57a6baf9f34cdf4f\"}]}<\/script>\n<!-- \/ Yoast SEO plugin. -->","yoast_head_json":{"title":"68. Generalversammlung in Krems an der Donau - Stella Vorarlberg","robots":{"index":"index","follow":"follow","max-snippet":"max-snippet:-1","max-image-preview":"max-image-preview:large","max-video-preview":"max-video-preview:-1"},"canonical":"https:\/\/stella-musikhochschule.ac.at\/en\/68-generalversammlung-in-krems-an-der-donau","og_locale":"en_US","og_type":"article","og_title":"68. Generalversammlung in Krems an der Donau - Stella Vorarlberg","og_description":"Die Herbstsitzung der \u00d6PUK-Rektorate fand diesmal in den Weinbergen des Weltkulturerbes Wachau an der Karl Landsteiner Privatuniversit\u00e4t f\u00fcr Gesundheitswissenschaften statt. Erstmals dabei war der neue Rektor der NDU St. P\u00f6lten, Christoph Wech, als neues Vorstandsmitglied wurde Birgit Lusser, UMIT, zur Schriftf\u00fchrerin gew\u00e4hlt. Die Mitglieder befassten sich in ihrem Treffen unter anderem mit Themen der strategischen [&hellip;]","og_url":"https:\/\/stella-musikhochschule.ac.at\/en\/68-generalversammlung-in-krems-an-der-donau","og_site_name":"Stella Vorarlberg","article_publisher":"https:\/\/www.facebook.com\/stellamusikhochschule","article_published_time":"2025-09-19T12:26:53+00:00","article_modified_time":"2025-09-19T12:27:32+00:00","og_image":[{"width":2560,"height":1440,"url":"https:\/\/stella-musikhochschule.ac.at\/wp-content\/uploads\/2025\/09\/OePUK_68._GV_KL_Krems_2-1-edited-scaled.jpeg","type":"image\/jpeg"}],"author":"Victor Marin","twitter_card":"summary_large_image","twitter_misc":{"Written by":"Victor Marin","Est. reading time":"1 minute"},"schema":{"@context":"https:\/\/schema.org","@graph":[{"@type":"Article","@id":"https:\/\/stella-musikhochschule.ac.at\/en\/68-generalversammlung-in-krems-an-der-donau#article","isPartOf":{"@id":"https:\/\/stella-musikhochschule.ac.at\/en\/68-generalversammlung-in-krems-an-der-donau"},"author":{"name":"Victor Marin","@id":"https:\/\/stella-musikhochschule.ac.at\/#\/schema\/person\/1e574ac44f7050daa7fd23cb94228292"},"headline":"68. Generalversammlung in Krems an der Donau","datePublished":"2025-09-19T12:26:53+00:00","dateModified":"2025-09-19T12:27:32+00:00","mainEntityOfPage":{"@id":"https:\/\/stella-musikhochschule.ac.at\/en\/68-generalversammlung-in-krems-an-der-donau"},"wordCount":73,"commentCount":0,"publisher":{"@id":"https:\/\/stella-musikhochschule.ac.at\/#organization"},"image":{"@id":"https:\/\/stella-musikhochschule.ac.at\/en\/68-generalversammlung-in-krems-an-der-donau#primaryimage"},"thumbnailUrl":"https:\/\/stella-musikhochschule.ac.at\/wp-content\/uploads\/2025\/09\/OePUK_68._GV_KL_Krems_2-1-edited-scaled.jpeg","articleSection":["Unkategorisiert"],"inLanguage":"en-US","potentialAction":[{"@type":"CommentAction","name":"Comment","target":["https:\/\/stella-musikhochschule.ac.at\/en\/68-generalversammlung-in-krems-an-der-donau#respond"]}]},{"@type":"WebPage","@id":"https:\/\/stella-musikhochschule.ac.at\/en\/68-generalversammlung-in-krems-an-der-donau","url":"https:\/\/stella-musikhochschule.ac.at\/en\/68-generalversammlung-in-krems-an-der-donau","name":"68. Generalversammlung in Krems an der Donau - Stella Vorarlberg","isPartOf":{"@id":"https:\/\/stella-musikhochschule.ac.at\/#website"},"primaryImageOfPage":{"@id":"https:\/\/stella-musikhochschule.ac.at\/en\/68-generalversammlung-in-krems-an-der-donau#primaryimage"},"image":{"@id":"https:\/\/stella-musikhochschule.ac.at\/en\/68-generalversammlung-in-krems-an-der-donau#primaryimage"},"thumbnailUrl":"https:\/\/stella-musikhochschule.ac.at\/wp-content\/uploads\/2025\/09\/OePUK_68._GV_KL_Krems_2-1-edited-scaled.jpeg","datePublished":"2025-09-19T12:26:53+00:00","dateModified":"2025-09-19T12:27:32+00:00","breadcrumb":{"@id":"https:\/\/stella-musikhochschule.ac.at\/en\/68-generalversammlung-in-krems-an-der-donau#breadcrumb"},"inLanguage":"en-US","potentialAction":[{"@type":"ReadAction","target":["https:\/\/stella-musikhochschule.ac.at\/en\/68-generalversammlung-in-krems-an-der-donau"]}]},{"@type":"ImageObject","inLanguage":"en-US","@id":"https:\/\/stella-musikhochschule.ac.at\/en\/68-generalversammlung-in-krems-an-der-donau#primaryimage","url":"https:\/\/stella-musikhochschule.ac.at\/wp-content\/uploads\/2025\/09\/OePUK_68._GV_KL_Krems_2-1-edited-scaled.jpeg","contentUrl":"https:\/\/stella-musikhochschule.ac.at\/wp-content\/uploads\/2025\/09\/OePUK_68._GV_KL_Krems_2-1-edited-scaled.jpeg"},{"@type":"BreadcrumbList","@id":"https:\/\/stella-musikhochschule.ac.at\/en\/68-generalversammlung-in-krems-an-der-donau#breadcrumb","itemListElement":[{"@type":"ListItem","position":1,"name":"Startseite","item":"https:\/\/stella-musikhochschule.ac.at\/en"},{"@type":"ListItem","position":2,"name":"68. Generalversammlung in Krems an der Donau"}]},{"@type":"WebSite","@id":"https:\/\/stella-musikhochschule.ac.at\/#website","url":"https:\/\/stella-musikhochschule.ac.at\/","name":"Stella Vorarlberg","description":"Privathochschule f\u00fcr Musik","publisher":{"@id":"https:\/\/stella-musikhochschule.ac.at\/#organization"},"potentialAction":[{"@type":"SearchAction","target":{"@type":"EntryPoint","urlTemplate":"https:\/\/stella-musikhochschule.ac.at\/?s={search_term_string}"},"query-input":{"@type":"PropertyValueSpecification","valueRequired":true,"valueName":"search_term_string"}}],"inLanguage":"en-US"},{"@type":"Organization","@id":"https:\/\/stella-musikhochschule.ac.at\/#organization","name":"Stella Vorarlberg Privathochschule f\u00fcr Musik","url":"https:\/\/stella-musikhochschule.ac.at\/","logo":{"@type":"ImageObject","inLanguage":"en-US","@id":"https:\/\/stella-musikhochschule.ac.at\/#\/schema\/logo\/image\/","url":"https:\/\/stella-musikhochschule.ac.at\/wp-content\/uploads\/2023\/01\/logo-zusatz.svg","contentUrl":"https:\/\/stella-musikhochschule.ac.at\/wp-content\/uploads\/2023\/01\/logo-zusatz.svg","width":108,"height":57,"caption":"Stella Vorarlberg Privathochschule f\u00fcr Musik"},"image":{"@id":"https:\/\/stella-musikhochschule.ac.at\/#\/schema\/logo\/image\/"},"sameAs":["https:\/\/www.facebook.com\/stellamusikhochschule","http:\/\/www.instagram.com\/stellamusikhochschule","https:\/\/www.youtube.com\/channel\/UCOzOrROMt11QxTxkjmY6NKg","https:\/\/www.tiktok.com\/@stellamusikhochschule","https:\/\/open.spotify.com\/user\/31fs43ork2u3njhtilofu2bk7tue?si=fe62738c70524caa"]},{"@type":"Person","@id":"https:\/\/stella-musikhochschule.ac.at\/#\/schema\/person\/1e574ac44f7050daa7fd23cb94228292","name":"Victor Marin","image":{"@type":"ImageObject","inLanguage":"en-US","@id":"https:\/\/stella-musikhochschule.ac.at\/#\/schema\/person\/image\/","url":"https:\/\/secure.gravatar.com\/avatar\/f8189638f3a03b7822b382425da0318468569fe40d5fbb547d7629eaa2573a21?s=96&d=mm&r=g","contentUrl":"https:\/\/secure.gravatar.com\/avatar\/f8189638f3a03b7822b382425da0318468569fe40d5fbb547d7629eaa2573a21?s=96&d=mm&r=g","caption":"Victor Marin"},"url":"https:\/\/stella-musikhochschule.ac.at\/en\/author\/57a6baf9f34cdf4f"}]}},"_links":{"self":[{"href":"https:\/\/stella-musikhochschule.ac.at\/en\/wp-json\/wp\/v2\/posts\/4798","targetHints":{"allow":["GET"]}}],"collection":[{"href":"https:\/\/stella-musikhochschule.ac.at\/en\/wp-json\/wp\/v2\/posts"}],"about":[{"href":"https:\/\/stella-musikhochschule.ac.at\/en\/wp-json\/wp\/v2\/types\/post"}],"author":[{"embeddable":true,"href":"https:\/\/stella-musikhochschule.ac.at\/en\/wp-json\/wp\/v2\/users\/4"}],"replies":[{"embeddable":true,"href":"https:\/\/stella-musikhochschule.ac.at\/en\/wp-json\/wp\/v2\/comments?post=4798"}],"version-history":[{"count":0,"href":"https:\/\/stella-musikhochschule.ac.at\/en\/wp-json\/wp\/v2\/posts\/4798\/revisions"}],"wp:attachment":[{"href":"https:\/\/stella-musikhochschule.ac.at\/en\/wp-json\/wp\/v2\/media?parent=4798"}],"wp:term":[{"taxonomy":"category","embeddable":true,"href":"https:\/\/stella-musikhochschule.ac.at\/en\/wp-json\/wp\/v2\/categories?post=4798"},{"taxonomy":"post_tag","embeddable":true,"href":"https:\/\/stella-musikhochschule.ac.at\/en\/wp-json\/wp\/v2\/tags?post=4798"}],"curies":[{"name":"wp","href":"https:\/\/api.w.org\/{rel}","templated":true}]}}