{"id":4397,"date":"2025-06-05T14:50:00","date_gmt":"2025-06-05T12:50:00","guid":{"rendered":"https:\/\/stella-musikhochschule.ac.at\/oesterreichische-privatuniversitaeten-solidarisch-mit-harvard"},"modified":"2025-06-05T14:52:28","modified_gmt":"2025-06-05T12:52:28","slug":"oesterreichische-privatuniversitaeten-solidarisch-mit-harvard","status":"publish","type":"post","link":"https:\/\/stella-musikhochschule.ac.at\/en\/oesterreichische-privatuniversitaeten-solidarisch-mit-harvard","title":{"rendered":"\u00d6sterreichische Privatuniversit\u00e4ten solidarisch mit Harvard"},"content":{"rendered":"\n<figure class=\"wp-block-image size-large\"><img loading=\"lazy\" decoding=\"async\" width=\"2560\" height=\"1440\" src=\"https:\/\/stella-musikhochschule.ac.at\/wp-content\/uploads\/2025\/06\/DSC_0632-Kopie-edited-scaled.jpg\" alt=\"\" class=\"wp-image-4396\" srcset=\"https:\/\/stella-musikhochschule.ac.at\/wp-content\/uploads\/2025\/06\/DSC_0632-Kopie-edited-scaled.jpg 2560w, https:\/\/stella-musikhochschule.ac.at\/wp-content\/uploads\/2025\/06\/DSC_0632-Kopie-edited-300x169.jpg 300w, https:\/\/stella-musikhochschule.ac.at\/wp-content\/uploads\/2025\/06\/DSC_0632-Kopie-edited-1680x945.jpg 1680w, https:\/\/stella-musikhochschule.ac.at\/wp-content\/uploads\/2025\/06\/DSC_0632-Kopie-edited-768x432.jpg 768w, https:\/\/stella-musikhochschule.ac.at\/wp-content\/uploads\/2025\/06\/DSC_0632-Kopie-edited-1536x864.jpg 1536w, https:\/\/stella-musikhochschule.ac.at\/wp-content\/uploads\/2025\/06\/DSC_0632-Kopie-edited-2048x1152.jpg 2048w, https:\/\/stella-musikhochschule.ac.at\/wp-content\/uploads\/2025\/06\/DSC_0632-Kopie-edited-40x23.jpg 40w\" sizes=\"auto, (max-width: 2560px) 100vw, 2560px\" \/><\/figure>\n\n\n\n<div class=\"wp-block-columns is-layout-flex wp-container-core-columns-is-layout-9d6595d7 wp-block-columns-is-layout-flex\">\n<div class=\"wp-block-column is-layout-flow wp-block-column-is-layout-flow\" style=\"flex-basis:66.66%\">\n<h3 class=\"wp-block-heading\">\u00d6PUK fordert Freiheit der Forschung und des internationalen Austausches f\u00fcr Universit\u00e4ten in den USA<\/h3>\n\n\n\n<p>Die \u00d6sterreichische Privatuniversit\u00e4tenkonferenz (\u00d6PUK) verfolgt mit gro\u00dfer Sorge die j\u00fcngsten Entwicklungen in den Vereinigten Staaten, insbesondere die Entscheidung der US-Administration, der Harvard University als Privatuniversit\u00e4t die Aufnahme internationaler Studierender zu untersagen und ihre Zertifizierung f\u00fcr das Studenten- und Austauschprogramm mit sofortiger Wirkung zu widerrufen. Diese Ma\u00dfnahme steht im Widerspruch zu den Grundwerten freier Bildung, internationaler wissenschaftlicher Kooperation und interkultureller Verst\u00e4ndigung. Internationale Studierende sind ein unverzichtbarer Teil akademischer Gemeinschaften \u2013 sie f\u00f6rdern nicht nur die Exzellenz in Lehre und Forschung, sondern tragen zur sozialen, kulturellen und intellektuellen Vielfalt bei.<\/p>\n\n\n\n<p>Als Vertretung der anerkannten \u00f6sterreichischen Privatuniversit\u00e4ten und -hochschulen erkl\u00e4rt sich die \u00d6PUK ausdr\u00fccklich solidarisch sowohl mit der Harvard University, als auch allen anderen gef\u00e4hrdeten privaten Universit\u00e4ten in den USA, insbesondere mit allen betroffenen Studierenden, Lehrenden und Forschenden. Wir treten entschieden f\u00fcr den Erhalt internationaler Mobilit\u00e4t, wissenschaftlicher Freiheit und globaler Zusammenarbeit ein.<\/p>\n\n\n\n<p>Wir fordern die Verantwortlichen auf, diese Entscheidung zu \u00fcberdenken und den Weg f\u00fcr eine freie, globale Wissenschaftsgemeinschaft offenzuhalten. Wissenschaft kennt keine Grenzen und darf weder wirtschaftlicher noch politischer Einflussnahme unterliegen.<\/p>\n\n\n\n<p>Die \u00d6PUK begr\u00fc\u00dft die Initiativen des BMFWF zur Unterst\u00fctzung internationaler Forschender und Studierender in diesem Zusammenhang.<\/p>\n<\/div>\n\n\n\n<div class=\"wp-block-column is-layout-flow wp-block-column-is-layout-flow\" style=\"flex-basis:33.33%\"><\/div>\n<\/div>\n","protected":false},"excerpt":{"rendered":"<p>\u00d6PUK fordert Freiheit der Forschung und des internationalen Austausches f\u00fcr Universit\u00e4ten in den USA Die \u00d6sterreichische Privatuniversit\u00e4tenkonferenz (\u00d6PUK) verfolgt mit gro\u00dfer Sorge die j\u00fcngsten Entwicklungen in den Vereinigten Staaten, insbesondere die Entscheidung der US-Administration, der Harvard University als Privatuniversit\u00e4t die Aufnahme internationaler Studierender zu untersagen und ihre Zertifizierung f\u00fcr das Studenten- und Austauschprogramm mit sofortiger [&hellip;]<\/p>\n","protected":false},"author":4,"featured_media":0,"comment_status":"open","ping_status":"closed","sticky":false,"template":"","format":"standard","meta":{"_acf_changed":false,"inline_featured_image":false,"footnotes":""},"categories":[1],"tags":[],"class_list":["post-4397","post","type-post","status-publish","format-standard","hentry","category-unkategorisiert"],"acf":[],"yoast_head":"<!-- This site is optimized with the Yoast SEO plugin v26.8 - https:\/\/yoast.com\/product\/yoast-seo-wordpress\/ -->\n<title>\u00d6sterreichische Privatuniversit\u00e4ten solidarisch mit Harvard - Stella Vorarlberg<\/title>\n<meta name=\"robots\" content=\"index, follow, max-snippet:-1, max-image-preview:large, max-video-preview:-1\" \/>\n<link rel=\"canonical\" href=\"https:\/\/stella-musikhochschule.ac.at\/en\/oesterreichische-privatuniversitaeten-solidarisch-mit-harvard\" \/>\n<meta property=\"og:locale\" content=\"en_US\" \/>\n<meta property=\"og:type\" content=\"article\" \/>\n<meta property=\"og:title\" content=\"\u00d6sterreichische Privatuniversit\u00e4ten solidarisch mit Harvard - Stella Vorarlberg\" \/>\n<meta property=\"og:description\" content=\"\u00d6PUK fordert Freiheit der Forschung und des internationalen Austausches f\u00fcr Universit\u00e4ten in den USA Die \u00d6sterreichische Privatuniversit\u00e4tenkonferenz (\u00d6PUK) verfolgt mit gro\u00dfer Sorge die j\u00fcngsten Entwicklungen in den Vereinigten Staaten, insbesondere die Entscheidung der US-Administration, der Harvard University als Privatuniversit\u00e4t die Aufnahme internationaler Studierender zu untersagen und ihre Zertifizierung f\u00fcr das Studenten- und Austauschprogramm mit sofortiger [&hellip;]\" \/>\n<meta property=\"og:url\" content=\"https:\/\/stella-musikhochschule.ac.at\/en\/oesterreichische-privatuniversitaeten-solidarisch-mit-harvard\" \/>\n<meta property=\"og:site_name\" content=\"Stella Vorarlberg\" \/>\n<meta property=\"article:publisher\" content=\"https:\/\/www.facebook.com\/stellamusikhochschule\" \/>\n<meta property=\"article:published_time\" content=\"2025-06-05T12:50:00+00:00\" \/>\n<meta property=\"article:modified_time\" content=\"2025-06-05T12:52:28+00:00\" \/>\n<meta property=\"og:image\" content=\"https:\/\/stella-musikhochschule.ac.at\/wp-content\/uploads\/2025\/06\/DSC_0632-Kopie-edited-scaled.jpg\" \/>\n\t<meta property=\"og:image:width\" content=\"2560\" \/>\n\t<meta property=\"og:image:height\" content=\"1440\" \/>\n\t<meta property=\"og:image:type\" content=\"image\/jpeg\" \/>\n<meta name=\"author\" content=\"Victor Marin\" \/>\n<meta name=\"twitter:card\" content=\"summary_large_image\" \/>\n<meta name=\"twitter:label1\" content=\"Written by\" \/>\n\t<meta name=\"twitter:data1\" content=\"Victor Marin\" \/>\n\t<meta name=\"twitter:label2\" content=\"Est. reading time\" \/>\n\t<meta name=\"twitter:data2\" content=\"2 minutes\" \/>\n<script type=\"application\/ld+json\" class=\"yoast-schema-graph\">{\"@context\":\"https:\/\/schema.org\",\"@graph\":[{\"@type\":\"Article\",\"@id\":\"https:\/\/stella-musikhochschule.ac.at\/en\/oesterreichische-privatuniversitaeten-solidarisch-mit-harvard#article\",\"isPartOf\":{\"@id\":\"https:\/\/stella-musikhochschule.ac.at\/en\/oesterreichische-privatuniversitaeten-solidarisch-mit-harvard\"},\"author\":{\"name\":\"Victor Marin\",\"@id\":\"https:\/\/stella-musikhochschule.ac.at\/#\/schema\/person\/1e574ac44f7050daa7fd23cb94228292\"},\"headline\":\"\u00d6sterreichische Privatuniversit\u00e4ten solidarisch mit Harvard\",\"datePublished\":\"2025-06-05T12:50:00+00:00\",\"dateModified\":\"2025-06-05T12:52:28+00:00\",\"mainEntityOfPage\":{\"@id\":\"https:\/\/stella-musikhochschule.ac.at\/en\/oesterreichische-privatuniversitaeten-solidarisch-mit-harvard\"},\"wordCount\":224,\"commentCount\":0,\"publisher\":{\"@id\":\"https:\/\/stella-musikhochschule.ac.at\/#organization\"},\"image\":{\"@id\":\"https:\/\/stella-musikhochschule.ac.at\/en\/oesterreichische-privatuniversitaeten-solidarisch-mit-harvard#primaryimage\"},\"thumbnailUrl\":\"https:\/\/stella-musikhochschule.ac.at\/wp-content\/uploads\/2025\/06\/DSC_0632-Kopie-edited-scaled.jpg\",\"articleSection\":[\"Unkategorisiert\"],\"inLanguage\":\"en-US\",\"potentialAction\":[{\"@type\":\"CommentAction\",\"name\":\"Comment\",\"target\":[\"https:\/\/stella-musikhochschule.ac.at\/en\/oesterreichische-privatuniversitaeten-solidarisch-mit-harvard#respond\"]}]},{\"@type\":\"WebPage\",\"@id\":\"https:\/\/stella-musikhochschule.ac.at\/en\/oesterreichische-privatuniversitaeten-solidarisch-mit-harvard\",\"url\":\"https:\/\/stella-musikhochschule.ac.at\/en\/oesterreichische-privatuniversitaeten-solidarisch-mit-harvard\",\"name\":\"\u00d6sterreichische Privatuniversit\u00e4ten solidarisch mit Harvard - Stella Vorarlberg\",\"isPartOf\":{\"@id\":\"https:\/\/stella-musikhochschule.ac.at\/#website\"},\"primaryImageOfPage\":{\"@id\":\"https:\/\/stella-musikhochschule.ac.at\/en\/oesterreichische-privatuniversitaeten-solidarisch-mit-harvard#primaryimage\"},\"image\":{\"@id\":\"https:\/\/stella-musikhochschule.ac.at\/en\/oesterreichische-privatuniversitaeten-solidarisch-mit-harvard#primaryimage\"},\"thumbnailUrl\":\"https:\/\/stella-musikhochschule.ac.at\/wp-content\/uploads\/2025\/06\/DSC_0632-Kopie-edited-scaled.jpg\",\"datePublished\":\"2025-06-05T12:50:00+00:00\",\"dateModified\":\"2025-06-05T12:52:28+00:00\",\"breadcrumb\":{\"@id\":\"https:\/\/stella-musikhochschule.ac.at\/en\/oesterreichische-privatuniversitaeten-solidarisch-mit-harvard#breadcrumb\"},\"inLanguage\":\"en-US\",\"potentialAction\":[{\"@type\":\"ReadAction\",\"target\":[\"https:\/\/stella-musikhochschule.ac.at\/en\/oesterreichische-privatuniversitaeten-solidarisch-mit-harvard\"]}]},{\"@type\":\"ImageObject\",\"inLanguage\":\"en-US\",\"@id\":\"https:\/\/stella-musikhochschule.ac.at\/en\/oesterreichische-privatuniversitaeten-solidarisch-mit-harvard#primaryimage\",\"url\":\"https:\/\/stella-musikhochschule.ac.at\/wp-content\/uploads\/2025\/06\/DSC_0632-Kopie-edited-scaled.jpg\",\"contentUrl\":\"https:\/\/stella-musikhochschule.ac.at\/wp-content\/uploads\/2025\/06\/DSC_0632-Kopie-edited-scaled.jpg\"},{\"@type\":\"BreadcrumbList\",\"@id\":\"https:\/\/stella-musikhochschule.ac.at\/en\/oesterreichische-privatuniversitaeten-solidarisch-mit-harvard#breadcrumb\",\"itemListElement\":[{\"@type\":\"ListItem\",\"position\":1,\"name\":\"Startseite\",\"item\":\"https:\/\/stella-musikhochschule.ac.at\/en\"},{\"@type\":\"ListItem\",\"position\":2,\"name\":\"\u00d6sterreichische Privatuniversit\u00e4ten solidarisch mit Harvard\"}]},{\"@type\":\"WebSite\",\"@id\":\"https:\/\/stella-musikhochschule.ac.at\/#website\",\"url\":\"https:\/\/stella-musikhochschule.ac.at\/\",\"name\":\"Stella Vorarlberg\",\"description\":\"Privathochschule f\u00fcr Musik\",\"publisher\":{\"@id\":\"https:\/\/stella-musikhochschule.ac.at\/#organization\"},\"potentialAction\":[{\"@type\":\"SearchAction\",\"target\":{\"@type\":\"EntryPoint\",\"urlTemplate\":\"https:\/\/stella-musikhochschule.ac.at\/?s={search_term_string}\"},\"query-input\":{\"@type\":\"PropertyValueSpecification\",\"valueRequired\":true,\"valueName\":\"search_term_string\"}}],\"inLanguage\":\"en-US\"},{\"@type\":\"Organization\",\"@id\":\"https:\/\/stella-musikhochschule.ac.at\/#organization\",\"name\":\"Stella Vorarlberg Privathochschule f\u00fcr Musik\",\"url\":\"https:\/\/stella-musikhochschule.ac.at\/\",\"logo\":{\"@type\":\"ImageObject\",\"inLanguage\":\"en-US\",\"@id\":\"https:\/\/stella-musikhochschule.ac.at\/#\/schema\/logo\/image\/\",\"url\":\"https:\/\/stella-musikhochschule.ac.at\/wp-content\/uploads\/2023\/01\/logo-zusatz.svg\",\"contentUrl\":\"https:\/\/stella-musikhochschule.ac.at\/wp-content\/uploads\/2023\/01\/logo-zusatz.svg\",\"width\":108,\"height\":57,\"caption\":\"Stella Vorarlberg Privathochschule f\u00fcr Musik\"},\"image\":{\"@id\":\"https:\/\/stella-musikhochschule.ac.at\/#\/schema\/logo\/image\/\"},\"sameAs\":[\"https:\/\/www.facebook.com\/stellamusikhochschule\",\"http:\/\/www.instagram.com\/stellamusikhochschule\",\"https:\/\/www.youtube.com\/channel\/UCOzOrROMt11QxTxkjmY6NKg\",\"https:\/\/www.tiktok.com\/@stellamusikhochschule\",\"https:\/\/open.spotify.com\/user\/31fs43ork2u3njhtilofu2bk7tue?si=fe62738c70524caa\"]},{\"@type\":\"Person\",\"@id\":\"https:\/\/stella-musikhochschule.ac.at\/#\/schema\/person\/1e574ac44f7050daa7fd23cb94228292\",\"name\":\"Victor Marin\",\"image\":{\"@type\":\"ImageObject\",\"inLanguage\":\"en-US\",\"@id\":\"https:\/\/stella-musikhochschule.ac.at\/#\/schema\/person\/image\/\",\"url\":\"https:\/\/secure.gravatar.com\/avatar\/f8189638f3a03b7822b382425da0318468569fe40d5fbb547d7629eaa2573a21?s=96&d=mm&r=g\",\"contentUrl\":\"https:\/\/secure.gravatar.com\/avatar\/f8189638f3a03b7822b382425da0318468569fe40d5fbb547d7629eaa2573a21?s=96&d=mm&r=g\",\"caption\":\"Victor Marin\"},\"url\":\"https:\/\/stella-musikhochschule.ac.at\/en\/author\/57a6baf9f34cdf4f\"}]}<\/script>\n<!-- \/ Yoast SEO plugin. -->","yoast_head_json":{"title":"\u00d6sterreichische Privatuniversit\u00e4ten solidarisch mit Harvard - Stella Vorarlberg","robots":{"index":"index","follow":"follow","max-snippet":"max-snippet:-1","max-image-preview":"max-image-preview:large","max-video-preview":"max-video-preview:-1"},"canonical":"https:\/\/stella-musikhochschule.ac.at\/en\/oesterreichische-privatuniversitaeten-solidarisch-mit-harvard","og_locale":"en_US","og_type":"article","og_title":"\u00d6sterreichische Privatuniversit\u00e4ten solidarisch mit Harvard - Stella Vorarlberg","og_description":"\u00d6PUK fordert Freiheit der Forschung und des internationalen Austausches f\u00fcr Universit\u00e4ten in den USA Die \u00d6sterreichische Privatuniversit\u00e4tenkonferenz (\u00d6PUK) verfolgt mit gro\u00dfer Sorge die j\u00fcngsten Entwicklungen in den Vereinigten Staaten, insbesondere die Entscheidung der US-Administration, der Harvard University als Privatuniversit\u00e4t die Aufnahme internationaler Studierender zu untersagen und ihre Zertifizierung f\u00fcr das Studenten- und Austauschprogramm mit sofortiger [&hellip;]","og_url":"https:\/\/stella-musikhochschule.ac.at\/en\/oesterreichische-privatuniversitaeten-solidarisch-mit-harvard","og_site_name":"Stella Vorarlberg","article_publisher":"https:\/\/www.facebook.com\/stellamusikhochschule","article_published_time":"2025-06-05T12:50:00+00:00","article_modified_time":"2025-06-05T12:52:28+00:00","og_image":[{"width":2560,"height":1440,"url":"https:\/\/stella-musikhochschule.ac.at\/wp-content\/uploads\/2025\/06\/DSC_0632-Kopie-edited-scaled.jpg","type":"image\/jpeg"}],"author":"Victor Marin","twitter_card":"summary_large_image","twitter_misc":{"Written by":"Victor Marin","Est. reading time":"2 minutes"},"schema":{"@context":"https:\/\/schema.org","@graph":[{"@type":"Article","@id":"https:\/\/stella-musikhochschule.ac.at\/en\/oesterreichische-privatuniversitaeten-solidarisch-mit-harvard#article","isPartOf":{"@id":"https:\/\/stella-musikhochschule.ac.at\/en\/oesterreichische-privatuniversitaeten-solidarisch-mit-harvard"},"author":{"name":"Victor Marin","@id":"https:\/\/stella-musikhochschule.ac.at\/#\/schema\/person\/1e574ac44f7050daa7fd23cb94228292"},"headline":"\u00d6sterreichische Privatuniversit\u00e4ten solidarisch mit Harvard","datePublished":"2025-06-05T12:50:00+00:00","dateModified":"2025-06-05T12:52:28+00:00","mainEntityOfPage":{"@id":"https:\/\/stella-musikhochschule.ac.at\/en\/oesterreichische-privatuniversitaeten-solidarisch-mit-harvard"},"wordCount":224,"commentCount":0,"publisher":{"@id":"https:\/\/stella-musikhochschule.ac.at\/#organization"},"image":{"@id":"https:\/\/stella-musikhochschule.ac.at\/en\/oesterreichische-privatuniversitaeten-solidarisch-mit-harvard#primaryimage"},"thumbnailUrl":"https:\/\/stella-musikhochschule.ac.at\/wp-content\/uploads\/2025\/06\/DSC_0632-Kopie-edited-scaled.jpg","articleSection":["Unkategorisiert"],"inLanguage":"en-US","potentialAction":[{"@type":"CommentAction","name":"Comment","target":["https:\/\/stella-musikhochschule.ac.at\/en\/oesterreichische-privatuniversitaeten-solidarisch-mit-harvard#respond"]}]},{"@type":"WebPage","@id":"https:\/\/stella-musikhochschule.ac.at\/en\/oesterreichische-privatuniversitaeten-solidarisch-mit-harvard","url":"https:\/\/stella-musikhochschule.ac.at\/en\/oesterreichische-privatuniversitaeten-solidarisch-mit-harvard","name":"\u00d6sterreichische Privatuniversit\u00e4ten solidarisch mit Harvard - Stella Vorarlberg","isPartOf":{"@id":"https:\/\/stella-musikhochschule.ac.at\/#website"},"primaryImageOfPage":{"@id":"https:\/\/stella-musikhochschule.ac.at\/en\/oesterreichische-privatuniversitaeten-solidarisch-mit-harvard#primaryimage"},"image":{"@id":"https:\/\/stella-musikhochschule.ac.at\/en\/oesterreichische-privatuniversitaeten-solidarisch-mit-harvard#primaryimage"},"thumbnailUrl":"https:\/\/stella-musikhochschule.ac.at\/wp-content\/uploads\/2025\/06\/DSC_0632-Kopie-edited-scaled.jpg","datePublished":"2025-06-05T12:50:00+00:00","dateModified":"2025-06-05T12:52:28+00:00","breadcrumb":{"@id":"https:\/\/stella-musikhochschule.ac.at\/en\/oesterreichische-privatuniversitaeten-solidarisch-mit-harvard#breadcrumb"},"inLanguage":"en-US","potentialAction":[{"@type":"ReadAction","target":["https:\/\/stella-musikhochschule.ac.at\/en\/oesterreichische-privatuniversitaeten-solidarisch-mit-harvard"]}]},{"@type":"ImageObject","inLanguage":"en-US","@id":"https:\/\/stella-musikhochschule.ac.at\/en\/oesterreichische-privatuniversitaeten-solidarisch-mit-harvard#primaryimage","url":"https:\/\/stella-musikhochschule.ac.at\/wp-content\/uploads\/2025\/06\/DSC_0632-Kopie-edited-scaled.jpg","contentUrl":"https:\/\/stella-musikhochschule.ac.at\/wp-content\/uploads\/2025\/06\/DSC_0632-Kopie-edited-scaled.jpg"},{"@type":"BreadcrumbList","@id":"https:\/\/stella-musikhochschule.ac.at\/en\/oesterreichische-privatuniversitaeten-solidarisch-mit-harvard#breadcrumb","itemListElement":[{"@type":"ListItem","position":1,"name":"Startseite","item":"https:\/\/stella-musikhochschule.ac.at\/en"},{"@type":"ListItem","position":2,"name":"\u00d6sterreichische Privatuniversit\u00e4ten solidarisch mit Harvard"}]},{"@type":"WebSite","@id":"https:\/\/stella-musikhochschule.ac.at\/#website","url":"https:\/\/stella-musikhochschule.ac.at\/","name":"Stella Vorarlberg","description":"Privathochschule f\u00fcr Musik","publisher":{"@id":"https:\/\/stella-musikhochschule.ac.at\/#organization"},"potentialAction":[{"@type":"SearchAction","target":{"@type":"EntryPoint","urlTemplate":"https:\/\/stella-musikhochschule.ac.at\/?s={search_term_string}"},"query-input":{"@type":"PropertyValueSpecification","valueRequired":true,"valueName":"search_term_string"}}],"inLanguage":"en-US"},{"@type":"Organization","@id":"https:\/\/stella-musikhochschule.ac.at\/#organization","name":"Stella Vorarlberg Privathochschule f\u00fcr Musik","url":"https:\/\/stella-musikhochschule.ac.at\/","logo":{"@type":"ImageObject","inLanguage":"en-US","@id":"https:\/\/stella-musikhochschule.ac.at\/#\/schema\/logo\/image\/","url":"https:\/\/stella-musikhochschule.ac.at\/wp-content\/uploads\/2023\/01\/logo-zusatz.svg","contentUrl":"https:\/\/stella-musikhochschule.ac.at\/wp-content\/uploads\/2023\/01\/logo-zusatz.svg","width":108,"height":57,"caption":"Stella Vorarlberg Privathochschule f\u00fcr Musik"},"image":{"@id":"https:\/\/stella-musikhochschule.ac.at\/#\/schema\/logo\/image\/"},"sameAs":["https:\/\/www.facebook.com\/stellamusikhochschule","http:\/\/www.instagram.com\/stellamusikhochschule","https:\/\/www.youtube.com\/channel\/UCOzOrROMt11QxTxkjmY6NKg","https:\/\/www.tiktok.com\/@stellamusikhochschule","https:\/\/open.spotify.com\/user\/31fs43ork2u3njhtilofu2bk7tue?si=fe62738c70524caa"]},{"@type":"Person","@id":"https:\/\/stella-musikhochschule.ac.at\/#\/schema\/person\/1e574ac44f7050daa7fd23cb94228292","name":"Victor Marin","image":{"@type":"ImageObject","inLanguage":"en-US","@id":"https:\/\/stella-musikhochschule.ac.at\/#\/schema\/person\/image\/","url":"https:\/\/secure.gravatar.com\/avatar\/f8189638f3a03b7822b382425da0318468569fe40d5fbb547d7629eaa2573a21?s=96&d=mm&r=g","contentUrl":"https:\/\/secure.gravatar.com\/avatar\/f8189638f3a03b7822b382425da0318468569fe40d5fbb547d7629eaa2573a21?s=96&d=mm&r=g","caption":"Victor Marin"},"url":"https:\/\/stella-musikhochschule.ac.at\/en\/author\/57a6baf9f34cdf4f"}]}},"_links":{"self":[{"href":"https:\/\/stella-musikhochschule.ac.at\/en\/wp-json\/wp\/v2\/posts\/4397","targetHints":{"allow":["GET"]}}],"collection":[{"href":"https:\/\/stella-musikhochschule.ac.at\/en\/wp-json\/wp\/v2\/posts"}],"about":[{"href":"https:\/\/stella-musikhochschule.ac.at\/en\/wp-json\/wp\/v2\/types\/post"}],"author":[{"embeddable":true,"href":"https:\/\/stella-musikhochschule.ac.at\/en\/wp-json\/wp\/v2\/users\/4"}],"replies":[{"embeddable":true,"href":"https:\/\/stella-musikhochschule.ac.at\/en\/wp-json\/wp\/v2\/comments?post=4397"}],"version-history":[{"count":0,"href":"https:\/\/stella-musikhochschule.ac.at\/en\/wp-json\/wp\/v2\/posts\/4397\/revisions"}],"wp:attachment":[{"href":"https:\/\/stella-musikhochschule.ac.at\/en\/wp-json\/wp\/v2\/media?parent=4397"}],"wp:term":[{"taxonomy":"category","embeddable":true,"href":"https:\/\/stella-musikhochschule.ac.at\/en\/wp-json\/wp\/v2\/categories?post=4397"},{"taxonomy":"post_tag","embeddable":true,"href":"https:\/\/stella-musikhochschule.ac.at\/en\/wp-json\/wp\/v2\/tags?post=4397"}],"curies":[{"name":"wp","href":"https:\/\/api.w.org\/{rel}","templated":true}]}}