{"id":4294,"date":"2025-05-08T13:13:50","date_gmt":"2025-05-08T11:13:50","guid":{"rendered":"https:\/\/stella-musikhochschule.ac.at\/grenzenlose-forschung-wissenschaftsverbund-foerdert-innovative-ideen-in-der-vierlaenderregion"},"modified":"2025-05-08T15:59:27","modified_gmt":"2025-05-08T13:59:27","slug":"grenzenlose-forschung-wissenschaftsverbund-foerdert-innovative-ideen-in-der-vierlaenderregion","status":"publish","type":"post","link":"https:\/\/stella-musikhochschule.ac.at\/en\/grenzenlose-forschung-wissenschaftsverbund-foerdert-innovative-ideen-in-der-vierlaenderregion","title":{"rendered":"Grenzenlose Forschung: Wissenschaftsverbund f\u00f6rdert innovative Ideen in der Vierl\u00e4nderregion"},"content":{"rendered":"<div class=\"lazyblock-stella-slider-10RuzQ wp-block-lazyblock-stella-slider\">\n<section id=\"slider-1\" class=\"splide\">\n  \n    \n  <div class=\"splide__track\">\n    <ul class=\"splide__list\">\n              <li class=\"splide__slide\">\n          <figure><img decoding=\"async\" src=\"https:\/\/stella-musikhochschule.ac.at\/wp-content\/uploads\/2025\/05\/W4_Vernetzung-2.jpg\"><\/figure>\n                  <\/li>\n                <li class=\"splide__slide\">\n          <figure><img decoding=\"async\" src=\"https:\/\/stella-musikhochschule.ac.at\/wp-content\/uploads\/2025\/05\/W4_TransferRad-scaled.jpg\"><\/figure>\n                  <\/li>\n                <li class=\"splide__slide\">\n          <figure><img decoding=\"async\" src=\"https:\/\/stella-musikhochschule.ac.at\/wp-content\/uploads\/2025\/05\/W4_Vernetzung-1.jpg\"><\/figure>\n                  <\/li>\n            <\/ul>\n  <\/div>\n<\/section>\n\n<\/div>\n\n\n<div class=\"wp-block-columns is-layout-flex wp-container-core-columns-is-layout-9d6595d7 wp-block-columns-is-layout-flex\">\n<div class=\"wp-block-column is-layout-flow wp-block-column-is-layout-flow\" style=\"flex-basis:66.66%\">\n<h3 class=\"wp-block-heading\">W4 erm\u00f6glicht europaweit einzigartige Vollfinanzierung und etabliert gemeinsame Lehre<\/h3>\n\n\n\n<p><em>Konstanz, 6. Mai 2025 \u2013 Kluge K\u00f6pfe kennen keine Grenzen: Der Wissenschaftsverbund Vierl\u00e4nderregion Bodensee (W4) st\u00e4rkt die Zusammenarbeit bei der praxisnahen Forschung und Lehre. 25 Hochschulen aus Deutschland, Liechtenstein, \u00d6sterreich und der Schweiz profitieren von der europaweit einzigartigen Vollfinanzierung von Projekten, der Aktivierung von Millionen-F\u00f6rderungen und grenz\u00fcbergreifenden Angeboten. 2024 f\u00f6rderte der W4 insgesamt 30 Projekte und begleitete 540 Studierende in 14 hochschul\u00fcbergreifende<\/em><em>n Lehrangeboten. Stella Vorarlberg ist derzeit an einem Forschungsprojekt zum Schwerpunkt \u201eGesellschaftlicher Zusammenhang\u201c beteiligt. Am 12. Juni geben die <\/em><em>drei W4-Labs zur Kreislaufwirtschaft, Mobilit\u00e4t und IoT (Internet of Things) in Dornbirn Einblick in ihre laufende Arbeit.&nbsp;<\/em><\/p>\n\n\n\n<p>Seit 25 Jahren vernetzt der Wissenschaftsverbund Vierl\u00e4nderregion Bodensee die Hochschulen der Region. Heute erleichtert der W4 mit einzigartigen Programmen und organisatorischer Betreuung die grenzenlose Forschung und Lehre. Die als Internationale Bodensee-Hochschule (IBH) gegr\u00fcndete Initiative hat sich im Laufe der Jahre zur festen Gr\u00f6\u00dfe etabliert. Das beweist neben der erfolgreichen Mobilisierung von europ\u00e4ischen Drittmitteln in H\u00f6he von rund 14 Millionen Euro auch das wachsende Interesse.&nbsp;<\/p>\n\n\n\n<p>Von 2023 auf 2024 verzeichnete der W4 eine Verdoppelung der Projekte und Antr\u00e4ge. Insgesamt wurden 15 neue Projekte von 17 Mitgliedshochschulen bewilligt. Alle laufenden 30 Projekte d\u00fcrfen sich \u00fcber eine Vollfinanzierung freuen \u2013 einzigartig in Europa. Die starke Nachfrage senkt gleichzeitig aber auch die Bewilligungsquote. F\u00fcr W4-Gesch\u00e4ftsf\u00fchrer Markus Rhomberg ein Beweis f\u00fcr die Wirksamkeit des Angebots: \u201eMit dem Wettbewerb um die F\u00f6rderung und Betreuung durch den W4 steigt das Qualit\u00e4tsniveau. Unsere Strategie geht auf: Wir konzentrieren uns auf ausgesuchte Projekte mit gro\u00dfem Potenzial f\u00fcr die Vierl\u00e4nderregion und dar\u00fcber hinaus. Denn: Kluge K\u00f6pfe kennen keine Grenzen.\u201c&nbsp;<\/p>\n\n\n\n<p>Die 25 Mitgliedshochschulen aus Deutschland, Liechtenstein, \u00d6sterreich und der Schweiz profitieren ebenfalls von dieser Fokussierung. \u201eDie Zusammenarbeit im W4 er\u00f6ffnet unserer Hochschule wertvolle Perspektiven im Bereich von Forschung, Wissenstransfer und Lehre\u201c, sagt Rektor J\u00f6rg Maria Ortwein.<\/p>\n\n\n\n<p><strong>Praxisverankerung und Austausch<\/strong><\/p>\n\n\n\n<p>Eine Besonderheit des W4 ist die Praxisn\u00e4he: 110 beteiligte Unternehmen und Organisationen zeigen das hohe Interesse von Wirtschaft und Gesellschaft an der Zusammenarbeit mit den W4-Hochschulen. Die Programme \u201eNachhaltige Vierl\u00e4nderregion\u201c, \u201eGesellschaftlicher Zusammenhalt\u201c und \u201eArbeit &amp; Talente\u201c zielen auf innovative L\u00f6sungen f\u00fcr den Lebens- und Wirtschaftsraum ab. Der Austausch \u00fcber das Programm \u201eKollaborative Hochschulentwicklung\u201c nimmt ebenfalls Fahrt auf: 2024 waren 540 Studierende in 14 grenz- und hochschul\u00fcberschreitenden Lehrangeboten involviert.&nbsp;<\/p>\n\n\n\n<p>\u201eDer W4 strahlt weit \u00fcber seine Rolle als Verbund hinaus. Die Teilnehmer*innen-Anzahl der Lehrangebote spricht f\u00fcr sich: Beinahe 100 \u00f6ffentliche Veranstaltungen mit rund 9.000 Besucher*innen belegen das \u00f6ffentliche Interesse an unseren Projekten\u201c, freut sich Sabine Rein, Pr\u00e4sidentin der HTWG Konstanz, und seit Herbst 2024 Vorsitzende des W4.<\/p>\n\n\n\n<p><strong>Mobilisator f\u00fcr Innovationen<\/strong><\/p>\n\n\n\n<p>Seit 2023 fungieren die 25 Universit\u00e4ten und Hochschulen als Tr\u00e4ger des W4. So kann der Verbund mit Sitz an der Universit\u00e4t Konstanz eigenst\u00e4ndig Drittmittel einwerben und an die Mitglieder verteilen. F\u00fcr die 2023 gestarteten Labs zur Kreislaufwirtschaft, Mobilit\u00e4t und IoT (Internet of Things) mobilisierte der W4 insgesamt 11,7 Millionen Euro. In den drei Labs entwickeln 10 Mitgliedshochschulen gemeinsam mit \u00fcber 50 Praxispartnern \u2013 darunter Gro\u00dfunternehmen, KMUs, Kommunen sowie Energie- und Mobilit\u00e4tsversorger \u2013 L\u00f6sungen f\u00fcr die Zukunft. Sie widmen sich nachhaltiger Mobilit\u00e4t, Kreislaufwirtschaft in der Textil-, Ern\u00e4hrungs- und Landwirtschaft sowie Ressourceneffizienz im Geb\u00e4udesektor. Erste Ergebnisse werden bei der Halbzeitbilanz am 12. Juni in der CampusV\u00e4re in Dornbirn \u00f6ffentlich pr\u00e4sentiert.&nbsp;<\/p>\n\n\n\n<p>Die Internationale Bodensee-Konferenz (IBK) \u2013 bis 2023 ma\u00dfgeblicher F\u00f6rderer des W4-Vorg\u00e4ngers \u2013 wird den Wissenschaftsverbund Vierl\u00e4nderregion Bodensee in den Jahren 2026 bis 2029 als Kooperationspartner mit mehr als vier Millionen Euro unterst\u00fctzen. Strategie und Leistungsvereinbarung der zuk\u00fcnftigen F\u00f6rderperiode werden im Sommer pr\u00e4sentiert. Mehr als 90 Akteur*innen aus Wirtschaft, Politik und Zivilgesellschaft waren am Prozess beteiligt.&nbsp;<\/p>\n\n\n\n<p>\u201eZiel dieser F\u00f6rderung ist, den W4 mit seinen Hochschulen zu st\u00e4rken und seine Rolle als Innovationstreiber in der Bodenseeregion zu festigen. In Zeiten gro\u00dfer gesellschaftlicher und auch geopolitischer Umbr\u00fcche brauchen wir mehr denn je innovative L\u00f6sungen, um die multiplen Herausforderungen bew\u00e4ltigen zu k\u00f6nnen, etwa den globalen nachhaltigen und \u00f6kologischen Wandel\u201c, betont Florian Hassler, Europastaatssekret\u00e4r im Staatsministerium des Landes Baden-W\u00fcrttemberg und derzeitiger Vorsitzender der IBK. \u201eGleichzeitig m\u00fcssen wir den Dialog zwischen Wissenschaft und Gesellschaft intensivieren, um das Vertrauen der Menschen in der Region in die Arbeit der Forschungseinrichtungen zu st\u00e4rken. Denn eines ist klar: Von den Zukunftsl\u00f6sungen des W4 profitieren alle L\u00e4nder und Kantone in der Vierl\u00e4nderregion gleicherma\u00dfen\u201c, f\u00fcgt er hinzu.&nbsp;<\/p>\n\n\n\n<p><strong>Mehr Informationen: <a href=\"http:\/\/www.wissenschaftsverbund.org\">www.wissenschaftsverbund.org<\/a><\/strong><\/p>\n\n\n\n<p><strong><br><\/strong><\/p>\n<\/div>\n\n\n\n<div class=\"wp-block-column is-layout-flow wp-block-column-is-layout-flow\" style=\"flex-basis:33.33%\"><\/div>\n<\/div>\n","protected":false},"excerpt":{"rendered":"<p>W4 erm\u00f6glicht europaweit einzigartige Vollfinanzierung und etabliert gemeinsame Lehre Konstanz, 6. Mai 2025 \u2013 Kluge K\u00f6pfe kennen keine Grenzen: Der Wissenschaftsverbund Vierl\u00e4nderregion Bodensee (W4) st\u00e4rkt die Zusammenarbeit bei der praxisnahen Forschung und Lehre. 25 Hochschulen aus Deutschland, Liechtenstein, \u00d6sterreich und der Schweiz profitieren von der europaweit einzigartigen Vollfinanzierung von Projekten, der Aktivierung von Millionen-F\u00f6rderungen und [&hellip;]<\/p>\n","protected":false},"author":4,"featured_media":4288,"comment_status":"open","ping_status":"closed","sticky":false,"template":"","format":"standard","meta":{"_acf_changed":false,"inline_featured_image":false,"footnotes":""},"categories":[1],"tags":[],"class_list":["post-4294","post","type-post","status-publish","format-standard","has-post-thumbnail","hentry","category-unkategorisiert"],"acf":[],"yoast_head":"<!-- This site is optimized with the Yoast SEO plugin v26.8 - https:\/\/yoast.com\/product\/yoast-seo-wordpress\/ -->\n<title>Grenzenlose Forschung: Wissenschaftsverbund f\u00f6rdert innovative Ideen in der Vierl\u00e4nderregion - Stella Vorarlberg<\/title>\n<meta name=\"robots\" content=\"index, follow, max-snippet:-1, max-image-preview:large, max-video-preview:-1\" \/>\n<link rel=\"canonical\" href=\"https:\/\/stella-musikhochschule.ac.at\/en\/grenzenlose-forschung-wissenschaftsverbund-foerdert-innovative-ideen-in-der-vierlaenderregion\" \/>\n<meta property=\"og:locale\" content=\"en_US\" \/>\n<meta property=\"og:type\" content=\"article\" \/>\n<meta property=\"og:title\" content=\"Grenzenlose Forschung: Wissenschaftsverbund f\u00f6rdert innovative Ideen in der Vierl\u00e4nderregion - Stella Vorarlberg\" \/>\n<meta property=\"og:description\" content=\"W4 erm\u00f6glicht europaweit einzigartige Vollfinanzierung und etabliert gemeinsame Lehre Konstanz, 6. Mai 2025 \u2013 Kluge K\u00f6pfe kennen keine Grenzen: Der Wissenschaftsverbund Vierl\u00e4nderregion Bodensee (W4) st\u00e4rkt die Zusammenarbeit bei der praxisnahen Forschung und Lehre. 25 Hochschulen aus Deutschland, Liechtenstein, \u00d6sterreich und der Schweiz profitieren von der europaweit einzigartigen Vollfinanzierung von Projekten, der Aktivierung von Millionen-F\u00f6rderungen und [&hellip;]\" \/>\n<meta property=\"og:url\" content=\"https:\/\/stella-musikhochschule.ac.at\/en\/grenzenlose-forschung-wissenschaftsverbund-foerdert-innovative-ideen-in-der-vierlaenderregion\" \/>\n<meta property=\"og:site_name\" content=\"Stella Vorarlberg\" \/>\n<meta property=\"article:publisher\" content=\"https:\/\/www.facebook.com\/stellamusikhochschule\" \/>\n<meta property=\"article:published_time\" content=\"2025-05-08T11:13:50+00:00\" \/>\n<meta property=\"article:modified_time\" content=\"2025-05-08T13:59:27+00:00\" \/>\n<meta property=\"og:image\" content=\"https:\/\/stella-musikhochschule.ac.at\/wp-content\/uploads\/2025\/05\/W4_Vernetzung-2.jpg\" \/>\n\t<meta property=\"og:image:width\" content=\"1920\" \/>\n\t<meta property=\"og:image:height\" content=\"1281\" \/>\n\t<meta property=\"og:image:type\" content=\"image\/jpeg\" \/>\n<meta name=\"author\" content=\"Victor Marin\" \/>\n<meta name=\"twitter:card\" content=\"summary_large_image\" \/>\n<meta name=\"twitter:label1\" content=\"Written by\" \/>\n\t<meta name=\"twitter:data1\" content=\"Victor Marin\" \/>\n\t<meta name=\"twitter:label2\" content=\"Est. reading time\" \/>\n\t<meta name=\"twitter:data2\" content=\"5 minutes\" \/>\n<script type=\"application\/ld+json\" class=\"yoast-schema-graph\">{\"@context\":\"https:\/\/schema.org\",\"@graph\":[{\"@type\":\"Article\",\"@id\":\"https:\/\/stella-musikhochschule.ac.at\/en\/grenzenlose-forschung-wissenschaftsverbund-foerdert-innovative-ideen-in-der-vierlaenderregion#article\",\"isPartOf\":{\"@id\":\"https:\/\/stella-musikhochschule.ac.at\/en\/grenzenlose-forschung-wissenschaftsverbund-foerdert-innovative-ideen-in-der-vierlaenderregion\"},\"author\":{\"name\":\"Victor Marin\",\"@id\":\"https:\/\/stella-musikhochschule.ac.at\/#\/schema\/person\/1e574ac44f7050daa7fd23cb94228292\"},\"headline\":\"Grenzenlose Forschung: Wissenschaftsverbund f\u00f6rdert innovative Ideen in der Vierl\u00e4nderregion\",\"datePublished\":\"2025-05-08T11:13:50+00:00\",\"dateModified\":\"2025-05-08T13:59:27+00:00\",\"mainEntityOfPage\":{\"@id\":\"https:\/\/stella-musikhochschule.ac.at\/en\/grenzenlose-forschung-wissenschaftsverbund-foerdert-innovative-ideen-in-der-vierlaenderregion\"},\"wordCount\":762,\"commentCount\":0,\"publisher\":{\"@id\":\"https:\/\/stella-musikhochschule.ac.at\/#organization\"},\"image\":{\"@id\":\"https:\/\/stella-musikhochschule.ac.at\/en\/grenzenlose-forschung-wissenschaftsverbund-foerdert-innovative-ideen-in-der-vierlaenderregion#primaryimage\"},\"thumbnailUrl\":\"https:\/\/stella-musikhochschule.ac.at\/wp-content\/uploads\/2025\/05\/W4_Vernetzung-2.jpg\",\"articleSection\":[\"Unkategorisiert\"],\"inLanguage\":\"en-US\",\"potentialAction\":[{\"@type\":\"CommentAction\",\"name\":\"Comment\",\"target\":[\"https:\/\/stella-musikhochschule.ac.at\/en\/grenzenlose-forschung-wissenschaftsverbund-foerdert-innovative-ideen-in-der-vierlaenderregion#respond\"]}]},{\"@type\":\"WebPage\",\"@id\":\"https:\/\/stella-musikhochschule.ac.at\/en\/grenzenlose-forschung-wissenschaftsverbund-foerdert-innovative-ideen-in-der-vierlaenderregion\",\"url\":\"https:\/\/stella-musikhochschule.ac.at\/en\/grenzenlose-forschung-wissenschaftsverbund-foerdert-innovative-ideen-in-der-vierlaenderregion\",\"name\":\"Grenzenlose Forschung: Wissenschaftsverbund f\u00f6rdert innovative Ideen in der Vierl\u00e4nderregion - Stella Vorarlberg\",\"isPartOf\":{\"@id\":\"https:\/\/stella-musikhochschule.ac.at\/#website\"},\"primaryImageOfPage\":{\"@id\":\"https:\/\/stella-musikhochschule.ac.at\/en\/grenzenlose-forschung-wissenschaftsverbund-foerdert-innovative-ideen-in-der-vierlaenderregion#primaryimage\"},\"image\":{\"@id\":\"https:\/\/stella-musikhochschule.ac.at\/en\/grenzenlose-forschung-wissenschaftsverbund-foerdert-innovative-ideen-in-der-vierlaenderregion#primaryimage\"},\"thumbnailUrl\":\"https:\/\/stella-musikhochschule.ac.at\/wp-content\/uploads\/2025\/05\/W4_Vernetzung-2.jpg\",\"datePublished\":\"2025-05-08T11:13:50+00:00\",\"dateModified\":\"2025-05-08T13:59:27+00:00\",\"breadcrumb\":{\"@id\":\"https:\/\/stella-musikhochschule.ac.at\/en\/grenzenlose-forschung-wissenschaftsverbund-foerdert-innovative-ideen-in-der-vierlaenderregion#breadcrumb\"},\"inLanguage\":\"en-US\",\"potentialAction\":[{\"@type\":\"ReadAction\",\"target\":[\"https:\/\/stella-musikhochschule.ac.at\/en\/grenzenlose-forschung-wissenschaftsverbund-foerdert-innovative-ideen-in-der-vierlaenderregion\"]}]},{\"@type\":\"ImageObject\",\"inLanguage\":\"en-US\",\"@id\":\"https:\/\/stella-musikhochschule.ac.at\/en\/grenzenlose-forschung-wissenschaftsverbund-foerdert-innovative-ideen-in-der-vierlaenderregion#primaryimage\",\"url\":\"https:\/\/stella-musikhochschule.ac.at\/wp-content\/uploads\/2025\/05\/W4_Vernetzung-2.jpg\",\"contentUrl\":\"https:\/\/stella-musikhochschule.ac.at\/wp-content\/uploads\/2025\/05\/W4_Vernetzung-2.jpg\",\"width\":1920,\"height\":1281,\"caption\":\"Der W4 vernetzt die Akteure aus Forschung und Lehre im Bodenseeraum bei grenz\u00fcberschreitenden Projekten.\"},{\"@type\":\"BreadcrumbList\",\"@id\":\"https:\/\/stella-musikhochschule.ac.at\/en\/grenzenlose-forschung-wissenschaftsverbund-foerdert-innovative-ideen-in-der-vierlaenderregion#breadcrumb\",\"itemListElement\":[{\"@type\":\"ListItem\",\"position\":1,\"name\":\"Startseite\",\"item\":\"https:\/\/stella-musikhochschule.ac.at\/en\"},{\"@type\":\"ListItem\",\"position\":2,\"name\":\"Grenzenlose Forschung: Wissenschaftsverbund f\u00f6rdert innovative Ideen in der Vierl\u00e4nderregion\"}]},{\"@type\":\"WebSite\",\"@id\":\"https:\/\/stella-musikhochschule.ac.at\/#website\",\"url\":\"https:\/\/stella-musikhochschule.ac.at\/\",\"name\":\"Stella Vorarlberg\",\"description\":\"Privathochschule f\u00fcr Musik\",\"publisher\":{\"@id\":\"https:\/\/stella-musikhochschule.ac.at\/#organization\"},\"potentialAction\":[{\"@type\":\"SearchAction\",\"target\":{\"@type\":\"EntryPoint\",\"urlTemplate\":\"https:\/\/stella-musikhochschule.ac.at\/?s={search_term_string}\"},\"query-input\":{\"@type\":\"PropertyValueSpecification\",\"valueRequired\":true,\"valueName\":\"search_term_string\"}}],\"inLanguage\":\"en-US\"},{\"@type\":\"Organization\",\"@id\":\"https:\/\/stella-musikhochschule.ac.at\/#organization\",\"name\":\"Stella Vorarlberg Privathochschule f\u00fcr Musik\",\"url\":\"https:\/\/stella-musikhochschule.ac.at\/\",\"logo\":{\"@type\":\"ImageObject\",\"inLanguage\":\"en-US\",\"@id\":\"https:\/\/stella-musikhochschule.ac.at\/#\/schema\/logo\/image\/\",\"url\":\"https:\/\/stella-musikhochschule.ac.at\/wp-content\/uploads\/2023\/01\/logo-zusatz.svg\",\"contentUrl\":\"https:\/\/stella-musikhochschule.ac.at\/wp-content\/uploads\/2023\/01\/logo-zusatz.svg\",\"width\":108,\"height\":57,\"caption\":\"Stella Vorarlberg Privathochschule f\u00fcr Musik\"},\"image\":{\"@id\":\"https:\/\/stella-musikhochschule.ac.at\/#\/schema\/logo\/image\/\"},\"sameAs\":[\"https:\/\/www.facebook.com\/stellamusikhochschule\",\"http:\/\/www.instagram.com\/stellamusikhochschule\",\"https:\/\/www.youtube.com\/channel\/UCOzOrROMt11QxTxkjmY6NKg\",\"https:\/\/www.tiktok.com\/@stellamusikhochschule\",\"https:\/\/open.spotify.com\/user\/31fs43ork2u3njhtilofu2bk7tue?si=fe62738c70524caa\"]},{\"@type\":\"Person\",\"@id\":\"https:\/\/stella-musikhochschule.ac.at\/#\/schema\/person\/1e574ac44f7050daa7fd23cb94228292\",\"name\":\"Victor Marin\",\"image\":{\"@type\":\"ImageObject\",\"inLanguage\":\"en-US\",\"@id\":\"https:\/\/stella-musikhochschule.ac.at\/#\/schema\/person\/image\/\",\"url\":\"https:\/\/secure.gravatar.com\/avatar\/f8189638f3a03b7822b382425da0318468569fe40d5fbb547d7629eaa2573a21?s=96&d=mm&r=g\",\"contentUrl\":\"https:\/\/secure.gravatar.com\/avatar\/f8189638f3a03b7822b382425da0318468569fe40d5fbb547d7629eaa2573a21?s=96&d=mm&r=g\",\"caption\":\"Victor Marin\"},\"url\":\"https:\/\/stella-musikhochschule.ac.at\/en\/author\/57a6baf9f34cdf4f\"}]}<\/script>\n<!-- \/ Yoast SEO plugin. -->","yoast_head_json":{"title":"Grenzenlose Forschung: Wissenschaftsverbund f\u00f6rdert innovative Ideen in der Vierl\u00e4nderregion - Stella Vorarlberg","robots":{"index":"index","follow":"follow","max-snippet":"max-snippet:-1","max-image-preview":"max-image-preview:large","max-video-preview":"max-video-preview:-1"},"canonical":"https:\/\/stella-musikhochschule.ac.at\/en\/grenzenlose-forschung-wissenschaftsverbund-foerdert-innovative-ideen-in-der-vierlaenderregion","og_locale":"en_US","og_type":"article","og_title":"Grenzenlose Forschung: Wissenschaftsverbund f\u00f6rdert innovative Ideen in der Vierl\u00e4nderregion - Stella Vorarlberg","og_description":"W4 erm\u00f6glicht europaweit einzigartige Vollfinanzierung und etabliert gemeinsame Lehre Konstanz, 6. Mai 2025 \u2013 Kluge K\u00f6pfe kennen keine Grenzen: Der Wissenschaftsverbund Vierl\u00e4nderregion Bodensee (W4) st\u00e4rkt die Zusammenarbeit bei der praxisnahen Forschung und Lehre. 25 Hochschulen aus Deutschland, Liechtenstein, \u00d6sterreich und der Schweiz profitieren von der europaweit einzigartigen Vollfinanzierung von Projekten, der Aktivierung von Millionen-F\u00f6rderungen und [&hellip;]","og_url":"https:\/\/stella-musikhochschule.ac.at\/en\/grenzenlose-forschung-wissenschaftsverbund-foerdert-innovative-ideen-in-der-vierlaenderregion","og_site_name":"Stella Vorarlberg","article_publisher":"https:\/\/www.facebook.com\/stellamusikhochschule","article_published_time":"2025-05-08T11:13:50+00:00","article_modified_time":"2025-05-08T13:59:27+00:00","og_image":[{"width":1920,"height":1281,"url":"https:\/\/stella-musikhochschule.ac.at\/wp-content\/uploads\/2025\/05\/W4_Vernetzung-2.jpg","type":"image\/jpeg"}],"author":"Victor Marin","twitter_card":"summary_large_image","twitter_misc":{"Written by":"Victor Marin","Est. reading time":"5 minutes"},"schema":{"@context":"https:\/\/schema.org","@graph":[{"@type":"Article","@id":"https:\/\/stella-musikhochschule.ac.at\/en\/grenzenlose-forschung-wissenschaftsverbund-foerdert-innovative-ideen-in-der-vierlaenderregion#article","isPartOf":{"@id":"https:\/\/stella-musikhochschule.ac.at\/en\/grenzenlose-forschung-wissenschaftsverbund-foerdert-innovative-ideen-in-der-vierlaenderregion"},"author":{"name":"Victor Marin","@id":"https:\/\/stella-musikhochschule.ac.at\/#\/schema\/person\/1e574ac44f7050daa7fd23cb94228292"},"headline":"Grenzenlose Forschung: Wissenschaftsverbund f\u00f6rdert innovative Ideen in der Vierl\u00e4nderregion","datePublished":"2025-05-08T11:13:50+00:00","dateModified":"2025-05-08T13:59:27+00:00","mainEntityOfPage":{"@id":"https:\/\/stella-musikhochschule.ac.at\/en\/grenzenlose-forschung-wissenschaftsverbund-foerdert-innovative-ideen-in-der-vierlaenderregion"},"wordCount":762,"commentCount":0,"publisher":{"@id":"https:\/\/stella-musikhochschule.ac.at\/#organization"},"image":{"@id":"https:\/\/stella-musikhochschule.ac.at\/en\/grenzenlose-forschung-wissenschaftsverbund-foerdert-innovative-ideen-in-der-vierlaenderregion#primaryimage"},"thumbnailUrl":"https:\/\/stella-musikhochschule.ac.at\/wp-content\/uploads\/2025\/05\/W4_Vernetzung-2.jpg","articleSection":["Unkategorisiert"],"inLanguage":"en-US","potentialAction":[{"@type":"CommentAction","name":"Comment","target":["https:\/\/stella-musikhochschule.ac.at\/en\/grenzenlose-forschung-wissenschaftsverbund-foerdert-innovative-ideen-in-der-vierlaenderregion#respond"]}]},{"@type":"WebPage","@id":"https:\/\/stella-musikhochschule.ac.at\/en\/grenzenlose-forschung-wissenschaftsverbund-foerdert-innovative-ideen-in-der-vierlaenderregion","url":"https:\/\/stella-musikhochschule.ac.at\/en\/grenzenlose-forschung-wissenschaftsverbund-foerdert-innovative-ideen-in-der-vierlaenderregion","name":"Grenzenlose Forschung: Wissenschaftsverbund f\u00f6rdert innovative Ideen in der Vierl\u00e4nderregion - Stella Vorarlberg","isPartOf":{"@id":"https:\/\/stella-musikhochschule.ac.at\/#website"},"primaryImageOfPage":{"@id":"https:\/\/stella-musikhochschule.ac.at\/en\/grenzenlose-forschung-wissenschaftsverbund-foerdert-innovative-ideen-in-der-vierlaenderregion#primaryimage"},"image":{"@id":"https:\/\/stella-musikhochschule.ac.at\/en\/grenzenlose-forschung-wissenschaftsverbund-foerdert-innovative-ideen-in-der-vierlaenderregion#primaryimage"},"thumbnailUrl":"https:\/\/stella-musikhochschule.ac.at\/wp-content\/uploads\/2025\/05\/W4_Vernetzung-2.jpg","datePublished":"2025-05-08T11:13:50+00:00","dateModified":"2025-05-08T13:59:27+00:00","breadcrumb":{"@id":"https:\/\/stella-musikhochschule.ac.at\/en\/grenzenlose-forschung-wissenschaftsverbund-foerdert-innovative-ideen-in-der-vierlaenderregion#breadcrumb"},"inLanguage":"en-US","potentialAction":[{"@type":"ReadAction","target":["https:\/\/stella-musikhochschule.ac.at\/en\/grenzenlose-forschung-wissenschaftsverbund-foerdert-innovative-ideen-in-der-vierlaenderregion"]}]},{"@type":"ImageObject","inLanguage":"en-US","@id":"https:\/\/stella-musikhochschule.ac.at\/en\/grenzenlose-forschung-wissenschaftsverbund-foerdert-innovative-ideen-in-der-vierlaenderregion#primaryimage","url":"https:\/\/stella-musikhochschule.ac.at\/wp-content\/uploads\/2025\/05\/W4_Vernetzung-2.jpg","contentUrl":"https:\/\/stella-musikhochschule.ac.at\/wp-content\/uploads\/2025\/05\/W4_Vernetzung-2.jpg","width":1920,"height":1281,"caption":"Der W4 vernetzt die Akteure aus Forschung und Lehre im Bodenseeraum bei grenz\u00fcberschreitenden Projekten."},{"@type":"BreadcrumbList","@id":"https:\/\/stella-musikhochschule.ac.at\/en\/grenzenlose-forschung-wissenschaftsverbund-foerdert-innovative-ideen-in-der-vierlaenderregion#breadcrumb","itemListElement":[{"@type":"ListItem","position":1,"name":"Startseite","item":"https:\/\/stella-musikhochschule.ac.at\/en"},{"@type":"ListItem","position":2,"name":"Grenzenlose Forschung: Wissenschaftsverbund f\u00f6rdert innovative Ideen in der Vierl\u00e4nderregion"}]},{"@type":"WebSite","@id":"https:\/\/stella-musikhochschule.ac.at\/#website","url":"https:\/\/stella-musikhochschule.ac.at\/","name":"Stella Vorarlberg","description":"Privathochschule f\u00fcr Musik","publisher":{"@id":"https:\/\/stella-musikhochschule.ac.at\/#organization"},"potentialAction":[{"@type":"SearchAction","target":{"@type":"EntryPoint","urlTemplate":"https:\/\/stella-musikhochschule.ac.at\/?s={search_term_string}"},"query-input":{"@type":"PropertyValueSpecification","valueRequired":true,"valueName":"search_term_string"}}],"inLanguage":"en-US"},{"@type":"Organization","@id":"https:\/\/stella-musikhochschule.ac.at\/#organization","name":"Stella Vorarlberg Privathochschule f\u00fcr Musik","url":"https:\/\/stella-musikhochschule.ac.at\/","logo":{"@type":"ImageObject","inLanguage":"en-US","@id":"https:\/\/stella-musikhochschule.ac.at\/#\/schema\/logo\/image\/","url":"https:\/\/stella-musikhochschule.ac.at\/wp-content\/uploads\/2023\/01\/logo-zusatz.svg","contentUrl":"https:\/\/stella-musikhochschule.ac.at\/wp-content\/uploads\/2023\/01\/logo-zusatz.svg","width":108,"height":57,"caption":"Stella Vorarlberg Privathochschule f\u00fcr Musik"},"image":{"@id":"https:\/\/stella-musikhochschule.ac.at\/#\/schema\/logo\/image\/"},"sameAs":["https:\/\/www.facebook.com\/stellamusikhochschule","http:\/\/www.instagram.com\/stellamusikhochschule","https:\/\/www.youtube.com\/channel\/UCOzOrROMt11QxTxkjmY6NKg","https:\/\/www.tiktok.com\/@stellamusikhochschule","https:\/\/open.spotify.com\/user\/31fs43ork2u3njhtilofu2bk7tue?si=fe62738c70524caa"]},{"@type":"Person","@id":"https:\/\/stella-musikhochschule.ac.at\/#\/schema\/person\/1e574ac44f7050daa7fd23cb94228292","name":"Victor Marin","image":{"@type":"ImageObject","inLanguage":"en-US","@id":"https:\/\/stella-musikhochschule.ac.at\/#\/schema\/person\/image\/","url":"https:\/\/secure.gravatar.com\/avatar\/f8189638f3a03b7822b382425da0318468569fe40d5fbb547d7629eaa2573a21?s=96&d=mm&r=g","contentUrl":"https:\/\/secure.gravatar.com\/avatar\/f8189638f3a03b7822b382425da0318468569fe40d5fbb547d7629eaa2573a21?s=96&d=mm&r=g","caption":"Victor Marin"},"url":"https:\/\/stella-musikhochschule.ac.at\/en\/author\/57a6baf9f34cdf4f"}]}},"_links":{"self":[{"href":"https:\/\/stella-musikhochschule.ac.at\/en\/wp-json\/wp\/v2\/posts\/4294","targetHints":{"allow":["GET"]}}],"collection":[{"href":"https:\/\/stella-musikhochschule.ac.at\/en\/wp-json\/wp\/v2\/posts"}],"about":[{"href":"https:\/\/stella-musikhochschule.ac.at\/en\/wp-json\/wp\/v2\/types\/post"}],"author":[{"embeddable":true,"href":"https:\/\/stella-musikhochschule.ac.at\/en\/wp-json\/wp\/v2\/users\/4"}],"replies":[{"embeddable":true,"href":"https:\/\/stella-musikhochschule.ac.at\/en\/wp-json\/wp\/v2\/comments?post=4294"}],"version-history":[{"count":0,"href":"https:\/\/stella-musikhochschule.ac.at\/en\/wp-json\/wp\/v2\/posts\/4294\/revisions"}],"wp:featuredmedia":[{"embeddable":true,"href":"https:\/\/stella-musikhochschule.ac.at\/en\/wp-json\/wp\/v2\/media\/4288"}],"wp:attachment":[{"href":"https:\/\/stella-musikhochschule.ac.at\/en\/wp-json\/wp\/v2\/media?parent=4294"}],"wp:term":[{"taxonomy":"category","embeddable":true,"href":"https:\/\/stella-musikhochschule.ac.at\/en\/wp-json\/wp\/v2\/categories?post=4294"},{"taxonomy":"post_tag","embeddable":true,"href":"https:\/\/stella-musikhochschule.ac.at\/en\/wp-json\/wp\/v2\/tags?post=4294"}],"curies":[{"name":"wp","href":"https:\/\/api.w.org\/{rel}","templated":true}]}}