{"id":4083,"date":"2025-03-20T13:00:00","date_gmt":"2025-03-20T12:00:00","guid":{"rendered":"https:\/\/stella-musikhochschule.ac.at\/musikuniversitaeten-und-musikhochschulen-gratulieren-neuer-bundesregierung-und-betonen-ihre-zentrale-rolle"},"modified":"2025-03-20T13:59:25","modified_gmt":"2025-03-20T12:59:25","slug":"musikuniversitaeten-und-musikhochschulen-gratulieren-neuer-bundesregierung-und-betonen-ihre-zentrale-rolle","status":"publish","type":"post","link":"https:\/\/stella-musikhochschule.ac.at\/en\/musikuniversitaeten-und-musikhochschulen-gratulieren-neuer-bundesregierung-und-betonen-ihre-zentrale-rolle","title":{"rendered":"Musikuniversit\u00e4ten und Musikhochschulen gratulieren neuer Bundesregierung und betonen ihre zentrale Rolle"},"content":{"rendered":"\n<figure class=\"wp-block-image alignfull size-large\"><img loading=\"lazy\" decoding=\"async\" width=\"1680\" height=\"945\" src=\"https:\/\/stella-musikhochschule.ac.at\/wp-content\/uploads\/2023\/03\/building-3-edited-1680x945.jpg\" alt=\"\" class=\"wp-image-931\" srcset=\"https:\/\/stella-musikhochschule.ac.at\/wp-content\/uploads\/2023\/03\/building-3-edited-1680x945.jpg 1680w, https:\/\/stella-musikhochschule.ac.at\/wp-content\/uploads\/2023\/03\/building-3-edited-300x169.jpg 300w, https:\/\/stella-musikhochschule.ac.at\/wp-content\/uploads\/2023\/03\/building-3-edited-768x432.jpg 768w, https:\/\/stella-musikhochschule.ac.at\/wp-content\/uploads\/2023\/03\/building-3-edited-1536x864.jpg 1536w, https:\/\/stella-musikhochschule.ac.at\/wp-content\/uploads\/2023\/03\/building-3-edited-2048x1152.jpg 2048w, https:\/\/stella-musikhochschule.ac.at\/wp-content\/uploads\/2023\/03\/building-3-edited-40x23.jpg 40w\" sizes=\"auto, (max-width: 1680px) 100vw, 1680px\" \/><\/figure>\n\n\n\n<div class=\"wp-block-columns is-layout-flex wp-container-core-columns-is-layout-9d6595d7 wp-block-columns-is-layout-flex\">\n<div class=\"wp-block-column is-layout-flow wp-block-column-is-layout-flow\" style=\"flex-basis:66.66%\">\n<p>Die Musikuniversit\u00e4ten und Musikhochschulen \u00d6sterreichs gratulieren Bundeskanzler Christian Stocker und der gesamten Bundesregierung zur Angelobung. Gleichzeitig unterstreichen sie ihre Bedeutung und tragende Rolle als Ausbildungsst\u00e4tten, die sowohl k\u00fcnstlerische, wissenschaftliche als auch p\u00e4dagogische Exzellenz f\u00f6rdern.<\/p>\n\n\n\n<p>Exzellenz braucht Werte<\/p>\n\n\n\n<p>Demokratie, Vielfalt, Offenheit und Partizipation sind das Fundament der \u00f6sterreichischen Musikuniversit\u00e4ten und Musikhochschulen. Mit aktivem Engagement f\u00fcr diese Grundwerte, Gendergerechtigkeit und Inklusion, innovativen Veranstaltungsformaten und vielseitigen Vernetzungsm\u00f6glichkeiten schaffen sie optimale Bedingungen f\u00fcr die Ausbildung exzellenter K\u00fcnstler_innen, Wissenschaftler_innen und P\u00e4dagog_innen.<\/p>\n\n\n\n<p>Spitzenqualit\u00e4t in Lehre, Forschung und Ausbildung<\/p>\n\n\n\n<p>Die Ausbildungsqualit\u00e4t basiert auf der Fachexzellenz in Lehre und Forschung sowie dem Talent und der Motivation unserer Studierenden. Individuelle Betreuung, regelm\u00e4\u00dfige Evaluationen der Lehrenden, praxisnahe Erfahrungen wie Hospitationen in Musikschulen und eine serviceorientierte Verwaltung tragen zu einem konstant hohen Ausbildungsniveau bei. Das f\u00fchrt nicht nur zu Spitzenplatzierungen in internationalen Rankings, sondern ist die beste Basis f\u00fcr die Ausbildung selbstst\u00e4ndiger K\u00fcnstler_innen, Wissenschaftler_innen und P\u00e4dagog_innen.<\/p>\n\n\n\n<p>Made in Austria: Absolvent_innen setzen internationale Ma\u00dfst\u00e4be<\/p>\n\n\n\n<p>Von den bedeutendsten Konzerth\u00e4usern und -b\u00fchnen der Welt bis zu Musikschulen in \u00d6sterreich &#8211; Absolvent_innen leisten mit ihrer Strahlkraft einen unverzichtbaren Beitrag zur heimischen Kulturlandschaft. Sie repr\u00e4sentieren \u00d6sterreich weltweit und ihre Erfolge st\u00e4rken den internationalen Ruf \u00d6sterreichs als f\u00fchrende Musiknation.<\/p>\n\n\n\n<p>Erwartungen an die neue Bundesregierung: Dialog und Weitblick<\/p>\n\n\n\n<p>So Ulrike Sych, Rektorin an der mdw \u2013 Universit\u00e4t f\u00fcr Musik und darstellende Kunst Wien im Namen der Rektorinnen und Rektoren der \u00f6sterreichischen Musikuniversit\u00e4ten und Musikhochschulen: \u201eKunst und Bildung sind das Fundament einer starken und offenen Gesellschaft. Wir erwarten von der neuen Bundesregierung einen aktiven Dialog, um gemeinsam die besten Rahmenbedingungen f\u00fcr Exzellenz in Kunst, P\u00e4dagogik und Forschung zu schaffen.\u201c<\/p>\n\n\n\n<p>Elisabeth Gutjahr &#8211; Rektorin, Universit\u00e4t Mozarteum Salzburg<br>Gerhard Krammer &#8211; Rektor, Joseph Haydn Privathochschule f\u00fcr Musik<br>J\u00f6rg Maria Ortwein &#8211; Rektor, Stella Vorarlberg Privathochschule f\u00fcr Musik<br>Andreas Mailath-Pokorny &#8211; Rektor, Musik und Kunst Privatuniversit\u00e4t der Stadt Wien<br>Marcus Ratka &#8211; Rektor, Jam Music Lab Private University for Jazz and Popular Music<br>Martin Rummel &#8211; Rektor, Anton Bruckner Privatuniversit\u00e4t<br>Georg Schulz &#8211; Rektor, Universit\u00e4t f\u00fcr Musik und darstellende Kunst Graz<br>Roland Streiner &#8211; Rektor, Gustav Mahler Privatuniversit\u00e4t<br>Ulrike Sych &#8211; Rektorin, mdw &#8211; Universit\u00e4t f\u00fcr Musik und darstellende Kunst Wien<\/p>\n<\/div>\n\n\n\n<div class=\"wp-block-column is-layout-flow wp-block-column-is-layout-flow\" style=\"flex-basis:33.33%\"><\/div>\n<\/div>\n","protected":false},"excerpt":{"rendered":"<p>Die Musikuniversit\u00e4ten und Musikhochschulen \u00d6sterreichs gratulieren Bundeskanzler Christian Stocker und der gesamten Bundesregierung zur Angelobung. Gleichzeitig unterstreichen sie ihre Bedeutung und tragende Rolle als Ausbildungsst\u00e4tten, die sowohl k\u00fcnstlerische, wissenschaftliche als auch p\u00e4dagogische Exzellenz f\u00f6rdern. Exzellenz braucht Werte Demokratie, Vielfalt, Offenheit und Partizipation sind das Fundament der \u00f6sterreichischen Musikuniversit\u00e4ten und Musikhochschulen. Mit aktivem Engagement f\u00fcr diese [&hellip;]<\/p>\n","protected":false},"author":4,"featured_media":931,"comment_status":"open","ping_status":"open","sticky":false,"template":"","format":"standard","meta":{"_acf_changed":false,"inline_featured_image":false,"footnotes":""},"categories":[1],"tags":[],"class_list":["post-4083","post","type-post","status-publish","format-standard","has-post-thumbnail","hentry","category-unkategorisiert"],"acf":[],"yoast_head":"<!-- This site is optimized with the Yoast SEO plugin v26.8 - https:\/\/yoast.com\/product\/yoast-seo-wordpress\/ -->\n<title>Musikuniversit\u00e4ten und Musikhochschulen gratulieren neuer Bundesregierung und betonen ihre zentrale Rolle - Stella Vorarlberg<\/title>\n<meta name=\"robots\" content=\"index, follow, max-snippet:-1, max-image-preview:large, max-video-preview:-1\" \/>\n<link rel=\"canonical\" href=\"https:\/\/stella-musikhochschule.ac.at\/en\/musikuniversitaeten-und-musikhochschulen-gratulieren-neuer-bundesregierung-und-betonen-ihre-zentrale-rolle\" \/>\n<meta property=\"og:locale\" content=\"en_US\" \/>\n<meta property=\"og:type\" content=\"article\" \/>\n<meta property=\"og:title\" content=\"Musikuniversit\u00e4ten und Musikhochschulen gratulieren neuer Bundesregierung und betonen ihre zentrale Rolle - Stella Vorarlberg\" \/>\n<meta property=\"og:description\" content=\"Die Musikuniversit\u00e4ten und Musikhochschulen \u00d6sterreichs gratulieren Bundeskanzler Christian Stocker und der gesamten Bundesregierung zur Angelobung. Gleichzeitig unterstreichen sie ihre Bedeutung und tragende Rolle als Ausbildungsst\u00e4tten, die sowohl k\u00fcnstlerische, wissenschaftliche als auch p\u00e4dagogische Exzellenz f\u00f6rdern. Exzellenz braucht Werte Demokratie, Vielfalt, Offenheit und Partizipation sind das Fundament der \u00f6sterreichischen Musikuniversit\u00e4ten und Musikhochschulen. Mit aktivem Engagement f\u00fcr diese [&hellip;]\" \/>\n<meta property=\"og:url\" content=\"https:\/\/stella-musikhochschule.ac.at\/en\/musikuniversitaeten-und-musikhochschulen-gratulieren-neuer-bundesregierung-und-betonen-ihre-zentrale-rolle\" \/>\n<meta property=\"og:site_name\" content=\"Stella Vorarlberg\" \/>\n<meta property=\"article:publisher\" content=\"https:\/\/www.facebook.com\/stellamusikhochschule\" \/>\n<meta property=\"article:published_time\" content=\"2025-03-20T12:00:00+00:00\" \/>\n<meta property=\"article:modified_time\" content=\"2025-03-20T12:59:25+00:00\" \/>\n<meta property=\"og:image\" content=\"https:\/\/stella-musikhochschule.ac.at\/wp-content\/uploads\/2023\/03\/building-3-edited-scaled.jpg\" \/>\n\t<meta property=\"og:image:width\" content=\"2560\" \/>\n\t<meta property=\"og:image:height\" content=\"1440\" \/>\n\t<meta property=\"og:image:type\" content=\"image\/jpeg\" \/>\n<meta name=\"author\" content=\"Victor Marin\" \/>\n<meta name=\"twitter:card\" content=\"summary_large_image\" \/>\n<meta name=\"twitter:label1\" content=\"Written by\" \/>\n\t<meta name=\"twitter:data1\" content=\"Victor Marin\" \/>\n\t<meta name=\"twitter:label2\" content=\"Est. reading time\" \/>\n\t<meta name=\"twitter:data2\" content=\"3 minutes\" \/>\n<script type=\"application\/ld+json\" class=\"yoast-schema-graph\">{\"@context\":\"https:\/\/schema.org\",\"@graph\":[{\"@type\":\"Article\",\"@id\":\"https:\/\/stella-musikhochschule.ac.at\/en\/musikuniversitaeten-und-musikhochschulen-gratulieren-neuer-bundesregierung-und-betonen-ihre-zentrale-rolle#article\",\"isPartOf\":{\"@id\":\"https:\/\/stella-musikhochschule.ac.at\/en\/musikuniversitaeten-und-musikhochschulen-gratulieren-neuer-bundesregierung-und-betonen-ihre-zentrale-rolle\"},\"author\":{\"name\":\"Victor Marin\",\"@id\":\"https:\/\/stella-musikhochschule.ac.at\/#\/schema\/person\/1e574ac44f7050daa7fd23cb94228292\"},\"headline\":\"Musikuniversit\u00e4ten und Musikhochschulen gratulieren neuer Bundesregierung und betonen ihre zentrale Rolle\",\"datePublished\":\"2025-03-20T12:00:00+00:00\",\"dateModified\":\"2025-03-20T12:59:25+00:00\",\"mainEntityOfPage\":{\"@id\":\"https:\/\/stella-musikhochschule.ac.at\/en\/musikuniversitaeten-und-musikhochschulen-gratulieren-neuer-bundesregierung-und-betonen-ihre-zentrale-rolle\"},\"wordCount\":402,\"commentCount\":0,\"publisher\":{\"@id\":\"https:\/\/stella-musikhochschule.ac.at\/#organization\"},\"image\":{\"@id\":\"https:\/\/stella-musikhochschule.ac.at\/en\/musikuniversitaeten-und-musikhochschulen-gratulieren-neuer-bundesregierung-und-betonen-ihre-zentrale-rolle#primaryimage\"},\"thumbnailUrl\":\"https:\/\/stella-musikhochschule.ac.at\/wp-content\/uploads\/2023\/03\/building-3-edited-scaled.jpg\",\"articleSection\":[\"Unkategorisiert\"],\"inLanguage\":\"en-US\",\"potentialAction\":[{\"@type\":\"CommentAction\",\"name\":\"Comment\",\"target\":[\"https:\/\/stella-musikhochschule.ac.at\/en\/musikuniversitaeten-und-musikhochschulen-gratulieren-neuer-bundesregierung-und-betonen-ihre-zentrale-rolle#respond\"]}]},{\"@type\":\"WebPage\",\"@id\":\"https:\/\/stella-musikhochschule.ac.at\/en\/musikuniversitaeten-und-musikhochschulen-gratulieren-neuer-bundesregierung-und-betonen-ihre-zentrale-rolle\",\"url\":\"https:\/\/stella-musikhochschule.ac.at\/en\/musikuniversitaeten-und-musikhochschulen-gratulieren-neuer-bundesregierung-und-betonen-ihre-zentrale-rolle\",\"name\":\"Musikuniversit\u00e4ten und Musikhochschulen gratulieren neuer Bundesregierung und betonen ihre zentrale Rolle - Stella Vorarlberg\",\"isPartOf\":{\"@id\":\"https:\/\/stella-musikhochschule.ac.at\/#website\"},\"primaryImageOfPage\":{\"@id\":\"https:\/\/stella-musikhochschule.ac.at\/en\/musikuniversitaeten-und-musikhochschulen-gratulieren-neuer-bundesregierung-und-betonen-ihre-zentrale-rolle#primaryimage\"},\"image\":{\"@id\":\"https:\/\/stella-musikhochschule.ac.at\/en\/musikuniversitaeten-und-musikhochschulen-gratulieren-neuer-bundesregierung-und-betonen-ihre-zentrale-rolle#primaryimage\"},\"thumbnailUrl\":\"https:\/\/stella-musikhochschule.ac.at\/wp-content\/uploads\/2023\/03\/building-3-edited-scaled.jpg\",\"datePublished\":\"2025-03-20T12:00:00+00:00\",\"dateModified\":\"2025-03-20T12:59:25+00:00\",\"breadcrumb\":{\"@id\":\"https:\/\/stella-musikhochschule.ac.at\/en\/musikuniversitaeten-und-musikhochschulen-gratulieren-neuer-bundesregierung-und-betonen-ihre-zentrale-rolle#breadcrumb\"},\"inLanguage\":\"en-US\",\"potentialAction\":[{\"@type\":\"ReadAction\",\"target\":[\"https:\/\/stella-musikhochschule.ac.at\/en\/musikuniversitaeten-und-musikhochschulen-gratulieren-neuer-bundesregierung-und-betonen-ihre-zentrale-rolle\"]}]},{\"@type\":\"ImageObject\",\"inLanguage\":\"en-US\",\"@id\":\"https:\/\/stella-musikhochschule.ac.at\/en\/musikuniversitaeten-und-musikhochschulen-gratulieren-neuer-bundesregierung-und-betonen-ihre-zentrale-rolle#primaryimage\",\"url\":\"https:\/\/stella-musikhochschule.ac.at\/wp-content\/uploads\/2023\/03\/building-3-edited-scaled.jpg\",\"contentUrl\":\"https:\/\/stella-musikhochschule.ac.at\/wp-content\/uploads\/2023\/03\/building-3-edited-scaled.jpg\",\"width\":2560,\"height\":1440},{\"@type\":\"BreadcrumbList\",\"@id\":\"https:\/\/stella-musikhochschule.ac.at\/en\/musikuniversitaeten-und-musikhochschulen-gratulieren-neuer-bundesregierung-und-betonen-ihre-zentrale-rolle#breadcrumb\",\"itemListElement\":[{\"@type\":\"ListItem\",\"position\":1,\"name\":\"Startseite\",\"item\":\"https:\/\/stella-musikhochschule.ac.at\/en\"},{\"@type\":\"ListItem\",\"position\":2,\"name\":\"Musikuniversit\u00e4ten und Musikhochschulen gratulieren neuer Bundesregierung und betonen ihre zentrale Rolle\"}]},{\"@type\":\"WebSite\",\"@id\":\"https:\/\/stella-musikhochschule.ac.at\/#website\",\"url\":\"https:\/\/stella-musikhochschule.ac.at\/\",\"name\":\"Stella Vorarlberg\",\"description\":\"Privathochschule f\u00fcr Musik\",\"publisher\":{\"@id\":\"https:\/\/stella-musikhochschule.ac.at\/#organization\"},\"potentialAction\":[{\"@type\":\"SearchAction\",\"target\":{\"@type\":\"EntryPoint\",\"urlTemplate\":\"https:\/\/stella-musikhochschule.ac.at\/?s={search_term_string}\"},\"query-input\":{\"@type\":\"PropertyValueSpecification\",\"valueRequired\":true,\"valueName\":\"search_term_string\"}}],\"inLanguage\":\"en-US\"},{\"@type\":\"Organization\",\"@id\":\"https:\/\/stella-musikhochschule.ac.at\/#organization\",\"name\":\"Stella Vorarlberg Privathochschule f\u00fcr Musik\",\"url\":\"https:\/\/stella-musikhochschule.ac.at\/\",\"logo\":{\"@type\":\"ImageObject\",\"inLanguage\":\"en-US\",\"@id\":\"https:\/\/stella-musikhochschule.ac.at\/#\/schema\/logo\/image\/\",\"url\":\"https:\/\/stella-musikhochschule.ac.at\/wp-content\/uploads\/2023\/01\/logo-zusatz.svg\",\"contentUrl\":\"https:\/\/stella-musikhochschule.ac.at\/wp-content\/uploads\/2023\/01\/logo-zusatz.svg\",\"width\":108,\"height\":57,\"caption\":\"Stella Vorarlberg Privathochschule f\u00fcr Musik\"},\"image\":{\"@id\":\"https:\/\/stella-musikhochschule.ac.at\/#\/schema\/logo\/image\/\"},\"sameAs\":[\"https:\/\/www.facebook.com\/stellamusikhochschule\",\"http:\/\/www.instagram.com\/stellamusikhochschule\",\"https:\/\/www.youtube.com\/channel\/UCOzOrROMt11QxTxkjmY6NKg\",\"https:\/\/www.tiktok.com\/@stellamusikhochschule\",\"https:\/\/open.spotify.com\/user\/31fs43ork2u3njhtilofu2bk7tue?si=fe62738c70524caa\"]},{\"@type\":\"Person\",\"@id\":\"https:\/\/stella-musikhochschule.ac.at\/#\/schema\/person\/1e574ac44f7050daa7fd23cb94228292\",\"name\":\"Victor Marin\",\"image\":{\"@type\":\"ImageObject\",\"inLanguage\":\"en-US\",\"@id\":\"https:\/\/stella-musikhochschule.ac.at\/#\/schema\/person\/image\/\",\"url\":\"https:\/\/secure.gravatar.com\/avatar\/f8189638f3a03b7822b382425da0318468569fe40d5fbb547d7629eaa2573a21?s=96&d=mm&r=g\",\"contentUrl\":\"https:\/\/secure.gravatar.com\/avatar\/f8189638f3a03b7822b382425da0318468569fe40d5fbb547d7629eaa2573a21?s=96&d=mm&r=g\",\"caption\":\"Victor Marin\"},\"url\":\"https:\/\/stella-musikhochschule.ac.at\/en\/author\/57a6baf9f34cdf4f\"}]}<\/script>\n<!-- \/ Yoast SEO plugin. -->","yoast_head_json":{"title":"Musikuniversit\u00e4ten und Musikhochschulen gratulieren neuer Bundesregierung und betonen ihre zentrale Rolle - Stella Vorarlberg","robots":{"index":"index","follow":"follow","max-snippet":"max-snippet:-1","max-image-preview":"max-image-preview:large","max-video-preview":"max-video-preview:-1"},"canonical":"https:\/\/stella-musikhochschule.ac.at\/en\/musikuniversitaeten-und-musikhochschulen-gratulieren-neuer-bundesregierung-und-betonen-ihre-zentrale-rolle","og_locale":"en_US","og_type":"article","og_title":"Musikuniversit\u00e4ten und Musikhochschulen gratulieren neuer Bundesregierung und betonen ihre zentrale Rolle - Stella Vorarlberg","og_description":"Die Musikuniversit\u00e4ten und Musikhochschulen \u00d6sterreichs gratulieren Bundeskanzler Christian Stocker und der gesamten Bundesregierung zur Angelobung. Gleichzeitig unterstreichen sie ihre Bedeutung und tragende Rolle als Ausbildungsst\u00e4tten, die sowohl k\u00fcnstlerische, wissenschaftliche als auch p\u00e4dagogische Exzellenz f\u00f6rdern. Exzellenz braucht Werte Demokratie, Vielfalt, Offenheit und Partizipation sind das Fundament der \u00f6sterreichischen Musikuniversit\u00e4ten und Musikhochschulen. Mit aktivem Engagement f\u00fcr diese [&hellip;]","og_url":"https:\/\/stella-musikhochschule.ac.at\/en\/musikuniversitaeten-und-musikhochschulen-gratulieren-neuer-bundesregierung-und-betonen-ihre-zentrale-rolle","og_site_name":"Stella Vorarlberg","article_publisher":"https:\/\/www.facebook.com\/stellamusikhochschule","article_published_time":"2025-03-20T12:00:00+00:00","article_modified_time":"2025-03-20T12:59:25+00:00","og_image":[{"width":2560,"height":1440,"url":"https:\/\/stella-musikhochschule.ac.at\/wp-content\/uploads\/2023\/03\/building-3-edited-scaled.jpg","type":"image\/jpeg"}],"author":"Victor Marin","twitter_card":"summary_large_image","twitter_misc":{"Written by":"Victor Marin","Est. reading time":"3 minutes"},"schema":{"@context":"https:\/\/schema.org","@graph":[{"@type":"Article","@id":"https:\/\/stella-musikhochschule.ac.at\/en\/musikuniversitaeten-und-musikhochschulen-gratulieren-neuer-bundesregierung-und-betonen-ihre-zentrale-rolle#article","isPartOf":{"@id":"https:\/\/stella-musikhochschule.ac.at\/en\/musikuniversitaeten-und-musikhochschulen-gratulieren-neuer-bundesregierung-und-betonen-ihre-zentrale-rolle"},"author":{"name":"Victor Marin","@id":"https:\/\/stella-musikhochschule.ac.at\/#\/schema\/person\/1e574ac44f7050daa7fd23cb94228292"},"headline":"Musikuniversit\u00e4ten und Musikhochschulen gratulieren neuer Bundesregierung und betonen ihre zentrale Rolle","datePublished":"2025-03-20T12:00:00+00:00","dateModified":"2025-03-20T12:59:25+00:00","mainEntityOfPage":{"@id":"https:\/\/stella-musikhochschule.ac.at\/en\/musikuniversitaeten-und-musikhochschulen-gratulieren-neuer-bundesregierung-und-betonen-ihre-zentrale-rolle"},"wordCount":402,"commentCount":0,"publisher":{"@id":"https:\/\/stella-musikhochschule.ac.at\/#organization"},"image":{"@id":"https:\/\/stella-musikhochschule.ac.at\/en\/musikuniversitaeten-und-musikhochschulen-gratulieren-neuer-bundesregierung-und-betonen-ihre-zentrale-rolle#primaryimage"},"thumbnailUrl":"https:\/\/stella-musikhochschule.ac.at\/wp-content\/uploads\/2023\/03\/building-3-edited-scaled.jpg","articleSection":["Unkategorisiert"],"inLanguage":"en-US","potentialAction":[{"@type":"CommentAction","name":"Comment","target":["https:\/\/stella-musikhochschule.ac.at\/en\/musikuniversitaeten-und-musikhochschulen-gratulieren-neuer-bundesregierung-und-betonen-ihre-zentrale-rolle#respond"]}]},{"@type":"WebPage","@id":"https:\/\/stella-musikhochschule.ac.at\/en\/musikuniversitaeten-und-musikhochschulen-gratulieren-neuer-bundesregierung-und-betonen-ihre-zentrale-rolle","url":"https:\/\/stella-musikhochschule.ac.at\/en\/musikuniversitaeten-und-musikhochschulen-gratulieren-neuer-bundesregierung-und-betonen-ihre-zentrale-rolle","name":"Musikuniversit\u00e4ten und Musikhochschulen gratulieren neuer Bundesregierung und betonen ihre zentrale Rolle - Stella Vorarlberg","isPartOf":{"@id":"https:\/\/stella-musikhochschule.ac.at\/#website"},"primaryImageOfPage":{"@id":"https:\/\/stella-musikhochschule.ac.at\/en\/musikuniversitaeten-und-musikhochschulen-gratulieren-neuer-bundesregierung-und-betonen-ihre-zentrale-rolle#primaryimage"},"image":{"@id":"https:\/\/stella-musikhochschule.ac.at\/en\/musikuniversitaeten-und-musikhochschulen-gratulieren-neuer-bundesregierung-und-betonen-ihre-zentrale-rolle#primaryimage"},"thumbnailUrl":"https:\/\/stella-musikhochschule.ac.at\/wp-content\/uploads\/2023\/03\/building-3-edited-scaled.jpg","datePublished":"2025-03-20T12:00:00+00:00","dateModified":"2025-03-20T12:59:25+00:00","breadcrumb":{"@id":"https:\/\/stella-musikhochschule.ac.at\/en\/musikuniversitaeten-und-musikhochschulen-gratulieren-neuer-bundesregierung-und-betonen-ihre-zentrale-rolle#breadcrumb"},"inLanguage":"en-US","potentialAction":[{"@type":"ReadAction","target":["https:\/\/stella-musikhochschule.ac.at\/en\/musikuniversitaeten-und-musikhochschulen-gratulieren-neuer-bundesregierung-und-betonen-ihre-zentrale-rolle"]}]},{"@type":"ImageObject","inLanguage":"en-US","@id":"https:\/\/stella-musikhochschule.ac.at\/en\/musikuniversitaeten-und-musikhochschulen-gratulieren-neuer-bundesregierung-und-betonen-ihre-zentrale-rolle#primaryimage","url":"https:\/\/stella-musikhochschule.ac.at\/wp-content\/uploads\/2023\/03\/building-3-edited-scaled.jpg","contentUrl":"https:\/\/stella-musikhochschule.ac.at\/wp-content\/uploads\/2023\/03\/building-3-edited-scaled.jpg","width":2560,"height":1440},{"@type":"BreadcrumbList","@id":"https:\/\/stella-musikhochschule.ac.at\/en\/musikuniversitaeten-und-musikhochschulen-gratulieren-neuer-bundesregierung-und-betonen-ihre-zentrale-rolle#breadcrumb","itemListElement":[{"@type":"ListItem","position":1,"name":"Startseite","item":"https:\/\/stella-musikhochschule.ac.at\/en"},{"@type":"ListItem","position":2,"name":"Musikuniversit\u00e4ten und Musikhochschulen gratulieren neuer Bundesregierung und betonen ihre zentrale Rolle"}]},{"@type":"WebSite","@id":"https:\/\/stella-musikhochschule.ac.at\/#website","url":"https:\/\/stella-musikhochschule.ac.at\/","name":"Stella Vorarlberg","description":"Privathochschule f\u00fcr Musik","publisher":{"@id":"https:\/\/stella-musikhochschule.ac.at\/#organization"},"potentialAction":[{"@type":"SearchAction","target":{"@type":"EntryPoint","urlTemplate":"https:\/\/stella-musikhochschule.ac.at\/?s={search_term_string}"},"query-input":{"@type":"PropertyValueSpecification","valueRequired":true,"valueName":"search_term_string"}}],"inLanguage":"en-US"},{"@type":"Organization","@id":"https:\/\/stella-musikhochschule.ac.at\/#organization","name":"Stella Vorarlberg Privathochschule f\u00fcr Musik","url":"https:\/\/stella-musikhochschule.ac.at\/","logo":{"@type":"ImageObject","inLanguage":"en-US","@id":"https:\/\/stella-musikhochschule.ac.at\/#\/schema\/logo\/image\/","url":"https:\/\/stella-musikhochschule.ac.at\/wp-content\/uploads\/2023\/01\/logo-zusatz.svg","contentUrl":"https:\/\/stella-musikhochschule.ac.at\/wp-content\/uploads\/2023\/01\/logo-zusatz.svg","width":108,"height":57,"caption":"Stella Vorarlberg Privathochschule f\u00fcr Musik"},"image":{"@id":"https:\/\/stella-musikhochschule.ac.at\/#\/schema\/logo\/image\/"},"sameAs":["https:\/\/www.facebook.com\/stellamusikhochschule","http:\/\/www.instagram.com\/stellamusikhochschule","https:\/\/www.youtube.com\/channel\/UCOzOrROMt11QxTxkjmY6NKg","https:\/\/www.tiktok.com\/@stellamusikhochschule","https:\/\/open.spotify.com\/user\/31fs43ork2u3njhtilofu2bk7tue?si=fe62738c70524caa"]},{"@type":"Person","@id":"https:\/\/stella-musikhochschule.ac.at\/#\/schema\/person\/1e574ac44f7050daa7fd23cb94228292","name":"Victor Marin","image":{"@type":"ImageObject","inLanguage":"en-US","@id":"https:\/\/stella-musikhochschule.ac.at\/#\/schema\/person\/image\/","url":"https:\/\/secure.gravatar.com\/avatar\/f8189638f3a03b7822b382425da0318468569fe40d5fbb547d7629eaa2573a21?s=96&d=mm&r=g","contentUrl":"https:\/\/secure.gravatar.com\/avatar\/f8189638f3a03b7822b382425da0318468569fe40d5fbb547d7629eaa2573a21?s=96&d=mm&r=g","caption":"Victor Marin"},"url":"https:\/\/stella-musikhochschule.ac.at\/en\/author\/57a6baf9f34cdf4f"}]}},"_links":{"self":[{"href":"https:\/\/stella-musikhochschule.ac.at\/en\/wp-json\/wp\/v2\/posts\/4083","targetHints":{"allow":["GET"]}}],"collection":[{"href":"https:\/\/stella-musikhochschule.ac.at\/en\/wp-json\/wp\/v2\/posts"}],"about":[{"href":"https:\/\/stella-musikhochschule.ac.at\/en\/wp-json\/wp\/v2\/types\/post"}],"author":[{"embeddable":true,"href":"https:\/\/stella-musikhochschule.ac.at\/en\/wp-json\/wp\/v2\/users\/4"}],"replies":[{"embeddable":true,"href":"https:\/\/stella-musikhochschule.ac.at\/en\/wp-json\/wp\/v2\/comments?post=4083"}],"version-history":[{"count":0,"href":"https:\/\/stella-musikhochschule.ac.at\/en\/wp-json\/wp\/v2\/posts\/4083\/revisions"}],"wp:featuredmedia":[{"embeddable":true,"href":"https:\/\/stella-musikhochschule.ac.at\/en\/wp-json\/wp\/v2\/media\/931"}],"wp:attachment":[{"href":"https:\/\/stella-musikhochschule.ac.at\/en\/wp-json\/wp\/v2\/media?parent=4083"}],"wp:term":[{"taxonomy":"category","embeddable":true,"href":"https:\/\/stella-musikhochschule.ac.at\/en\/wp-json\/wp\/v2\/categories?post=4083"},{"taxonomy":"post_tag","embeddable":true,"href":"https:\/\/stella-musikhochschule.ac.at\/en\/wp-json\/wp\/v2\/tags?post=4083"}],"curies":[{"name":"wp","href":"https:\/\/api.w.org\/{rel}","templated":true}]}}