{"id":3170,"date":"2024-09-16T10:08:08","date_gmt":"2024-09-16T08:08:08","guid":{"rendered":"https:\/\/stella-musikhochschule.ac.at\/hypo-vorarlberg-und-stella-vorarlberg-setzen-erfolgreiche-partnerschaft-fort"},"modified":"2024-10-14T09:16:18","modified_gmt":"2024-10-14T07:16:18","slug":"hypo-vorarlberg-und-stella-vorarlberg-setzen-erfolgreiche-partnerschaft-fort","status":"publish","type":"post","link":"https:\/\/stella-musikhochschule.ac.at\/en\/hypo-vorarlberg-und-stella-vorarlberg-setzen-erfolgreiche-partnerschaft-fort","title":{"rendered":"Hypo Vorarlberg und Stella Vorarlberg setzen erfolgreiche Partnerschaft fort"},"content":{"rendered":"\n<figure class=\"wp-block-image alignfull size-full\"><img loading=\"lazy\" decoding=\"async\" width=\"1162\" height=\"750\" src=\"https:\/\/stella-musikhochschule.ac.at\/wp-content\/uploads\/2024\/09\/Kooperation-Stella-Vorarlberg-Hypo-Vorarlberg-1.png\" alt=\"\" class=\"wp-image-3169\" srcset=\"https:\/\/stella-musikhochschule.ac.at\/wp-content\/uploads\/2024\/09\/Kooperation-Stella-Vorarlberg-Hypo-Vorarlberg-1.png 1162w, https:\/\/stella-musikhochschule.ac.at\/wp-content\/uploads\/2024\/09\/Kooperation-Stella-Vorarlberg-Hypo-Vorarlberg-1-300x194.png 300w, https:\/\/stella-musikhochschule.ac.at\/wp-content\/uploads\/2024\/09\/Kooperation-Stella-Vorarlberg-Hypo-Vorarlberg-1-768x496.png 768w, https:\/\/stella-musikhochschule.ac.at\/wp-content\/uploads\/2024\/09\/Kooperation-Stella-Vorarlberg-Hypo-Vorarlberg-1-40x26.png 40w\" sizes=\"auto, (max-width: 1162px) 100vw, 1162px\" \/><\/figure>\n\n\n\n<div class=\"wp-block-columns is-layout-flex wp-container-core-columns-is-layout-9d6595d7 wp-block-columns-is-layout-flex\">\n<div class=\"wp-block-column is-layout-flow wp-block-column-is-layout-flow\" style=\"flex-basis:66.66%\">\n<p><strong>Hypo Vorarlberg und Stella Vorarlberg setzen erfolgreiche Partnerschaft fort<\/strong><\/p>\n\n\n\n<p>\u201eSeit 15 Jahren sch\u00e4tzt die Stella Vorarlberg die Kooperation mit der Hypo Vorarlberg. Die Kundenkonzerte z\u00e4hlen zu den Highlights im Konzertkalender der Stella und bieten unseren Studierenden eine hervorragende M\u00f6glichkeit ihr musikalisches K\u00f6nnen einem ausgew\u00e4hlten Publikum zu zeigen. Die Stipendien sind ein weiteres wertvolles Zeichen der Anerkennung, sowohl f\u00fcr die ausgezeichnete Leistung der Studierenden als auch f\u00fcr die k\u00fcnstlerische Arbeit der Musikhochschule\u201c, so Florian Kresser, Gesch\u00e4ftsf\u00fchrer und Vizerektor der Stella Vorarlberg.<\/p>\n\n\n\n<p><strong>\u201eStudent of the Year\u201c und \u201eF\u00f6rderstipendium der Hypo Vorarlberg\u201c<\/strong><\/p>\n\n\n\n<p>Zus\u00e4tzlich finanziert die Hypo Vorarlberg ab 2024 j\u00e4hrlich ein Stipendium f\u00fcr zwei Studierende der Stella Vorarlberg in H\u00f6he von jeweils EUR 1.000,\u2013. Das Stipendium \u201eStudent of the Year\u201c richtet sich dabei an Studierende, die sich durch ein herausragendes Engagement f\u00fcr die Hochschule ausgezeichnet haben und wurde vor kurzem an Yashar Noroozi (Violine) aus dem Iran verliehen. Das \u201eF\u00f6rderstipendium der Hypo Vorarlberg\u201c unterst\u00fctzt Studierende in herausfordernden Situationen, wie bspw. beim Instrumentenkauf oder dem Besuch von Meisterklassen, und ging an Sofiia Rzaieva (Fl\u00f6te) aus der Ukraine.<\/p>\n<\/div>\n\n\n\n<div class=\"wp-block-column is-layout-flow wp-block-column-is-layout-flow\" style=\"flex-basis:33.33%\"><div class=\"lazyblock-links-Z19Qf85 wp-block-lazyblock-links\"><div class=\"side\">\n  <hr>\n        <div class=\"item link\">\n        <a href=\"https:\/\/www.hypovbg.at\/newsroom\/artikel\/hypo-vorarlberg-und-stella-vorarlberg-setzen-erfolgreiche-partnerschaft-fort\" target=\"_blank\">\n          <span class=\"title\">Hypo Vorarlberg<\/span>\n          <i class=\"arrow-link\"><\/i>\n        <\/a>\n      <\/div>\n      <\/div><\/div><\/div>\n<\/div>\n","protected":false},"excerpt":{"rendered":"<p>Hypo Vorarlberg und Stella Vorarlberg setzen erfolgreiche Partnerschaft fort \u201eSeit 15 Jahren sch\u00e4tzt die Stella Vorarlberg die Kooperation mit der Hypo Vorarlberg. Die Kundenkonzerte z\u00e4hlen zu den Highlights im Konzertkalender der Stella und bieten unseren Studierenden eine hervorragende M\u00f6glichkeit ihr musikalisches K\u00f6nnen einem ausgew\u00e4hlten Publikum zu zeigen. Die Stipendien sind ein weiteres wertvolles Zeichen der [&hellip;]<\/p>\n","protected":false},"author":4,"featured_media":3169,"comment_status":"open","ping_status":"open","sticky":false,"template":"","format":"standard","meta":{"_acf_changed":false,"inline_featured_image":false,"footnotes":""},"categories":[1],"tags":[],"class_list":["post-3170","post","type-post","status-publish","format-standard","has-post-thumbnail","hentry","category-unkategorisiert"],"acf":[],"yoast_head":"<!-- This site is optimized with the Yoast SEO plugin v26.8 - https:\/\/yoast.com\/product\/yoast-seo-wordpress\/ -->\n<title>Hypo Vorarlberg und Stella Vorarlberg setzen erfolgreiche Partnerschaft fort - Stella Vorarlberg<\/title>\n<meta name=\"robots\" content=\"index, follow, max-snippet:-1, max-image-preview:large, max-video-preview:-1\" \/>\n<link rel=\"canonical\" href=\"https:\/\/stella-musikhochschule.ac.at\/en\/hypo-vorarlberg-und-stella-vorarlberg-setzen-erfolgreiche-partnerschaft-fort\" \/>\n<meta property=\"og:locale\" content=\"en_US\" \/>\n<meta property=\"og:type\" content=\"article\" \/>\n<meta property=\"og:title\" content=\"Hypo Vorarlberg und Stella Vorarlberg setzen erfolgreiche Partnerschaft fort - Stella Vorarlberg\" \/>\n<meta property=\"og:description\" content=\"Hypo Vorarlberg und Stella Vorarlberg setzen erfolgreiche Partnerschaft fort \u201eSeit 15 Jahren sch\u00e4tzt die Stella Vorarlberg die Kooperation mit der Hypo Vorarlberg. Die Kundenkonzerte z\u00e4hlen zu den Highlights im Konzertkalender der Stella und bieten unseren Studierenden eine hervorragende M\u00f6glichkeit ihr musikalisches K\u00f6nnen einem ausgew\u00e4hlten Publikum zu zeigen. Die Stipendien sind ein weiteres wertvolles Zeichen der [&hellip;]\" \/>\n<meta property=\"og:url\" content=\"https:\/\/stella-musikhochschule.ac.at\/en\/hypo-vorarlberg-und-stella-vorarlberg-setzen-erfolgreiche-partnerschaft-fort\" \/>\n<meta property=\"og:site_name\" content=\"Stella Vorarlberg\" \/>\n<meta property=\"article:publisher\" content=\"https:\/\/www.facebook.com\/stellamusikhochschule\" \/>\n<meta property=\"article:published_time\" content=\"2024-09-16T08:08:08+00:00\" \/>\n<meta property=\"article:modified_time\" content=\"2024-10-14T07:16:18+00:00\" \/>\n<meta property=\"og:image\" content=\"https:\/\/stella-musikhochschule.ac.at\/wp-content\/uploads\/2024\/09\/Kooperation-Stella-Vorarlberg-Hypo-Vorarlberg-1.png\" \/>\n\t<meta property=\"og:image:width\" content=\"1162\" \/>\n\t<meta property=\"og:image:height\" content=\"750\" \/>\n\t<meta property=\"og:image:type\" content=\"image\/png\" \/>\n<meta name=\"author\" content=\"Victor Marin\" \/>\n<meta name=\"twitter:card\" content=\"summary_large_image\" \/>\n<meta name=\"twitter:label1\" content=\"Written by\" \/>\n\t<meta name=\"twitter:data1\" content=\"Victor Marin\" \/>\n\t<meta name=\"twitter:label2\" content=\"Est. reading time\" \/>\n\t<meta name=\"twitter:data2\" content=\"2 minutes\" \/>\n<script type=\"application\/ld+json\" class=\"yoast-schema-graph\">{\"@context\":\"https:\/\/schema.org\",\"@graph\":[{\"@type\":\"Article\",\"@id\":\"https:\/\/stella-musikhochschule.ac.at\/en\/hypo-vorarlberg-und-stella-vorarlberg-setzen-erfolgreiche-partnerschaft-fort#article\",\"isPartOf\":{\"@id\":\"https:\/\/stella-musikhochschule.ac.at\/en\/hypo-vorarlberg-und-stella-vorarlberg-setzen-erfolgreiche-partnerschaft-fort\"},\"author\":{\"name\":\"Victor Marin\",\"@id\":\"https:\/\/stella-musikhochschule.ac.at\/#\/schema\/person\/1e574ac44f7050daa7fd23cb94228292\"},\"headline\":\"Hypo Vorarlberg und Stella Vorarlberg setzen erfolgreiche Partnerschaft fort\",\"datePublished\":\"2024-09-16T08:08:08+00:00\",\"dateModified\":\"2024-10-14T07:16:18+00:00\",\"mainEntityOfPage\":{\"@id\":\"https:\/\/stella-musikhochschule.ac.at\/en\/hypo-vorarlberg-und-stella-vorarlberg-setzen-erfolgreiche-partnerschaft-fort\"},\"wordCount\":198,\"commentCount\":0,\"publisher\":{\"@id\":\"https:\/\/stella-musikhochschule.ac.at\/#organization\"},\"image\":{\"@id\":\"https:\/\/stella-musikhochschule.ac.at\/en\/hypo-vorarlberg-und-stella-vorarlberg-setzen-erfolgreiche-partnerschaft-fort#primaryimage\"},\"thumbnailUrl\":\"https:\/\/stella-musikhochschule.ac.at\/wp-content\/uploads\/2024\/09\/Kooperation-Stella-Vorarlberg-Hypo-Vorarlberg-1.png\",\"articleSection\":[\"Unkategorisiert\"],\"inLanguage\":\"en-US\",\"potentialAction\":[{\"@type\":\"CommentAction\",\"name\":\"Comment\",\"target\":[\"https:\/\/stella-musikhochschule.ac.at\/en\/hypo-vorarlberg-und-stella-vorarlberg-setzen-erfolgreiche-partnerschaft-fort#respond\"]}]},{\"@type\":\"WebPage\",\"@id\":\"https:\/\/stella-musikhochschule.ac.at\/en\/hypo-vorarlberg-und-stella-vorarlberg-setzen-erfolgreiche-partnerschaft-fort\",\"url\":\"https:\/\/stella-musikhochschule.ac.at\/en\/hypo-vorarlberg-und-stella-vorarlberg-setzen-erfolgreiche-partnerschaft-fort\",\"name\":\"Hypo Vorarlberg und Stella Vorarlberg setzen erfolgreiche Partnerschaft fort - Stella Vorarlberg\",\"isPartOf\":{\"@id\":\"https:\/\/stella-musikhochschule.ac.at\/#website\"},\"primaryImageOfPage\":{\"@id\":\"https:\/\/stella-musikhochschule.ac.at\/en\/hypo-vorarlberg-und-stella-vorarlberg-setzen-erfolgreiche-partnerschaft-fort#primaryimage\"},\"image\":{\"@id\":\"https:\/\/stella-musikhochschule.ac.at\/en\/hypo-vorarlberg-und-stella-vorarlberg-setzen-erfolgreiche-partnerschaft-fort#primaryimage\"},\"thumbnailUrl\":\"https:\/\/stella-musikhochschule.ac.at\/wp-content\/uploads\/2024\/09\/Kooperation-Stella-Vorarlberg-Hypo-Vorarlberg-1.png\",\"datePublished\":\"2024-09-16T08:08:08+00:00\",\"dateModified\":\"2024-10-14T07:16:18+00:00\",\"breadcrumb\":{\"@id\":\"https:\/\/stella-musikhochschule.ac.at\/en\/hypo-vorarlberg-und-stella-vorarlberg-setzen-erfolgreiche-partnerschaft-fort#breadcrumb\"},\"inLanguage\":\"en-US\",\"potentialAction\":[{\"@type\":\"ReadAction\",\"target\":[\"https:\/\/stella-musikhochschule.ac.at\/en\/hypo-vorarlberg-und-stella-vorarlberg-setzen-erfolgreiche-partnerschaft-fort\"]}]},{\"@type\":\"ImageObject\",\"inLanguage\":\"en-US\",\"@id\":\"https:\/\/stella-musikhochschule.ac.at\/en\/hypo-vorarlberg-und-stella-vorarlberg-setzen-erfolgreiche-partnerschaft-fort#primaryimage\",\"url\":\"https:\/\/stella-musikhochschule.ac.at\/wp-content\/uploads\/2024\/09\/Kooperation-Stella-Vorarlberg-Hypo-Vorarlberg-1.png\",\"contentUrl\":\"https:\/\/stella-musikhochschule.ac.at\/wp-content\/uploads\/2024\/09\/Kooperation-Stella-Vorarlberg-Hypo-Vorarlberg-1.png\",\"width\":1162,\"height\":750},{\"@type\":\"BreadcrumbList\",\"@id\":\"https:\/\/stella-musikhochschule.ac.at\/en\/hypo-vorarlberg-und-stella-vorarlberg-setzen-erfolgreiche-partnerschaft-fort#breadcrumb\",\"itemListElement\":[{\"@type\":\"ListItem\",\"position\":1,\"name\":\"Startseite\",\"item\":\"https:\/\/stella-musikhochschule.ac.at\/en\"},{\"@type\":\"ListItem\",\"position\":2,\"name\":\"Hypo Vorarlberg und Stella Vorarlberg setzen erfolgreiche Partnerschaft fort\"}]},{\"@type\":\"WebSite\",\"@id\":\"https:\/\/stella-musikhochschule.ac.at\/#website\",\"url\":\"https:\/\/stella-musikhochschule.ac.at\/\",\"name\":\"Stella Vorarlberg\",\"description\":\"Privathochschule f\u00fcr Musik\",\"publisher\":{\"@id\":\"https:\/\/stella-musikhochschule.ac.at\/#organization\"},\"potentialAction\":[{\"@type\":\"SearchAction\",\"target\":{\"@type\":\"EntryPoint\",\"urlTemplate\":\"https:\/\/stella-musikhochschule.ac.at\/?s={search_term_string}\"},\"query-input\":{\"@type\":\"PropertyValueSpecification\",\"valueRequired\":true,\"valueName\":\"search_term_string\"}}],\"inLanguage\":\"en-US\"},{\"@type\":\"Organization\",\"@id\":\"https:\/\/stella-musikhochschule.ac.at\/#organization\",\"name\":\"Stella Vorarlberg Privathochschule f\u00fcr Musik\",\"url\":\"https:\/\/stella-musikhochschule.ac.at\/\",\"logo\":{\"@type\":\"ImageObject\",\"inLanguage\":\"en-US\",\"@id\":\"https:\/\/stella-musikhochschule.ac.at\/#\/schema\/logo\/image\/\",\"url\":\"https:\/\/stella-musikhochschule.ac.at\/wp-content\/uploads\/2023\/01\/logo-zusatz.svg\",\"contentUrl\":\"https:\/\/stella-musikhochschule.ac.at\/wp-content\/uploads\/2023\/01\/logo-zusatz.svg\",\"width\":108,\"height\":57,\"caption\":\"Stella Vorarlberg Privathochschule f\u00fcr Musik\"},\"image\":{\"@id\":\"https:\/\/stella-musikhochschule.ac.at\/#\/schema\/logo\/image\/\"},\"sameAs\":[\"https:\/\/www.facebook.com\/stellamusikhochschule\",\"http:\/\/www.instagram.com\/stellamusikhochschule\",\"https:\/\/www.youtube.com\/channel\/UCOzOrROMt11QxTxkjmY6NKg\",\"https:\/\/www.tiktok.com\/@stellamusikhochschule\",\"https:\/\/open.spotify.com\/user\/31fs43ork2u3njhtilofu2bk7tue?si=fe62738c70524caa\"]},{\"@type\":\"Person\",\"@id\":\"https:\/\/stella-musikhochschule.ac.at\/#\/schema\/person\/1e574ac44f7050daa7fd23cb94228292\",\"name\":\"Victor Marin\",\"image\":{\"@type\":\"ImageObject\",\"inLanguage\":\"en-US\",\"@id\":\"https:\/\/stella-musikhochschule.ac.at\/#\/schema\/person\/image\/\",\"url\":\"https:\/\/secure.gravatar.com\/avatar\/f8189638f3a03b7822b382425da0318468569fe40d5fbb547d7629eaa2573a21?s=96&d=mm&r=g\",\"contentUrl\":\"https:\/\/secure.gravatar.com\/avatar\/f8189638f3a03b7822b382425da0318468569fe40d5fbb547d7629eaa2573a21?s=96&d=mm&r=g\",\"caption\":\"Victor Marin\"},\"url\":\"https:\/\/stella-musikhochschule.ac.at\/en\/author\/57a6baf9f34cdf4f\"}]}<\/script>\n<!-- \/ Yoast SEO plugin. -->","yoast_head_json":{"title":"Hypo Vorarlberg und Stella Vorarlberg setzen erfolgreiche Partnerschaft fort - Stella Vorarlberg","robots":{"index":"index","follow":"follow","max-snippet":"max-snippet:-1","max-image-preview":"max-image-preview:large","max-video-preview":"max-video-preview:-1"},"canonical":"https:\/\/stella-musikhochschule.ac.at\/en\/hypo-vorarlberg-und-stella-vorarlberg-setzen-erfolgreiche-partnerschaft-fort","og_locale":"en_US","og_type":"article","og_title":"Hypo Vorarlberg und Stella Vorarlberg setzen erfolgreiche Partnerschaft fort - Stella Vorarlberg","og_description":"Hypo Vorarlberg und Stella Vorarlberg setzen erfolgreiche Partnerschaft fort \u201eSeit 15 Jahren sch\u00e4tzt die Stella Vorarlberg die Kooperation mit der Hypo Vorarlberg. Die Kundenkonzerte z\u00e4hlen zu den Highlights im Konzertkalender der Stella und bieten unseren Studierenden eine hervorragende M\u00f6glichkeit ihr musikalisches K\u00f6nnen einem ausgew\u00e4hlten Publikum zu zeigen. Die Stipendien sind ein weiteres wertvolles Zeichen der [&hellip;]","og_url":"https:\/\/stella-musikhochschule.ac.at\/en\/hypo-vorarlberg-und-stella-vorarlberg-setzen-erfolgreiche-partnerschaft-fort","og_site_name":"Stella Vorarlberg","article_publisher":"https:\/\/www.facebook.com\/stellamusikhochschule","article_published_time":"2024-09-16T08:08:08+00:00","article_modified_time":"2024-10-14T07:16:18+00:00","og_image":[{"width":1162,"height":750,"url":"https:\/\/stella-musikhochschule.ac.at\/wp-content\/uploads\/2024\/09\/Kooperation-Stella-Vorarlberg-Hypo-Vorarlberg-1.png","type":"image\/png"}],"author":"Victor Marin","twitter_card":"summary_large_image","twitter_misc":{"Written by":"Victor Marin","Est. reading time":"2 minutes"},"schema":{"@context":"https:\/\/schema.org","@graph":[{"@type":"Article","@id":"https:\/\/stella-musikhochschule.ac.at\/en\/hypo-vorarlberg-und-stella-vorarlberg-setzen-erfolgreiche-partnerschaft-fort#article","isPartOf":{"@id":"https:\/\/stella-musikhochschule.ac.at\/en\/hypo-vorarlberg-und-stella-vorarlberg-setzen-erfolgreiche-partnerschaft-fort"},"author":{"name":"Victor Marin","@id":"https:\/\/stella-musikhochschule.ac.at\/#\/schema\/person\/1e574ac44f7050daa7fd23cb94228292"},"headline":"Hypo Vorarlberg und Stella Vorarlberg setzen erfolgreiche Partnerschaft fort","datePublished":"2024-09-16T08:08:08+00:00","dateModified":"2024-10-14T07:16:18+00:00","mainEntityOfPage":{"@id":"https:\/\/stella-musikhochschule.ac.at\/en\/hypo-vorarlberg-und-stella-vorarlberg-setzen-erfolgreiche-partnerschaft-fort"},"wordCount":198,"commentCount":0,"publisher":{"@id":"https:\/\/stella-musikhochschule.ac.at\/#organization"},"image":{"@id":"https:\/\/stella-musikhochschule.ac.at\/en\/hypo-vorarlberg-und-stella-vorarlberg-setzen-erfolgreiche-partnerschaft-fort#primaryimage"},"thumbnailUrl":"https:\/\/stella-musikhochschule.ac.at\/wp-content\/uploads\/2024\/09\/Kooperation-Stella-Vorarlberg-Hypo-Vorarlberg-1.png","articleSection":["Unkategorisiert"],"inLanguage":"en-US","potentialAction":[{"@type":"CommentAction","name":"Comment","target":["https:\/\/stella-musikhochschule.ac.at\/en\/hypo-vorarlberg-und-stella-vorarlberg-setzen-erfolgreiche-partnerschaft-fort#respond"]}]},{"@type":"WebPage","@id":"https:\/\/stella-musikhochschule.ac.at\/en\/hypo-vorarlberg-und-stella-vorarlberg-setzen-erfolgreiche-partnerschaft-fort","url":"https:\/\/stella-musikhochschule.ac.at\/en\/hypo-vorarlberg-und-stella-vorarlberg-setzen-erfolgreiche-partnerschaft-fort","name":"Hypo Vorarlberg und Stella Vorarlberg setzen erfolgreiche Partnerschaft fort - Stella Vorarlberg","isPartOf":{"@id":"https:\/\/stella-musikhochschule.ac.at\/#website"},"primaryImageOfPage":{"@id":"https:\/\/stella-musikhochschule.ac.at\/en\/hypo-vorarlberg-und-stella-vorarlberg-setzen-erfolgreiche-partnerschaft-fort#primaryimage"},"image":{"@id":"https:\/\/stella-musikhochschule.ac.at\/en\/hypo-vorarlberg-und-stella-vorarlberg-setzen-erfolgreiche-partnerschaft-fort#primaryimage"},"thumbnailUrl":"https:\/\/stella-musikhochschule.ac.at\/wp-content\/uploads\/2024\/09\/Kooperation-Stella-Vorarlberg-Hypo-Vorarlberg-1.png","datePublished":"2024-09-16T08:08:08+00:00","dateModified":"2024-10-14T07:16:18+00:00","breadcrumb":{"@id":"https:\/\/stella-musikhochschule.ac.at\/en\/hypo-vorarlberg-und-stella-vorarlberg-setzen-erfolgreiche-partnerschaft-fort#breadcrumb"},"inLanguage":"en-US","potentialAction":[{"@type":"ReadAction","target":["https:\/\/stella-musikhochschule.ac.at\/en\/hypo-vorarlberg-und-stella-vorarlberg-setzen-erfolgreiche-partnerschaft-fort"]}]},{"@type":"ImageObject","inLanguage":"en-US","@id":"https:\/\/stella-musikhochschule.ac.at\/en\/hypo-vorarlberg-und-stella-vorarlberg-setzen-erfolgreiche-partnerschaft-fort#primaryimage","url":"https:\/\/stella-musikhochschule.ac.at\/wp-content\/uploads\/2024\/09\/Kooperation-Stella-Vorarlberg-Hypo-Vorarlberg-1.png","contentUrl":"https:\/\/stella-musikhochschule.ac.at\/wp-content\/uploads\/2024\/09\/Kooperation-Stella-Vorarlberg-Hypo-Vorarlberg-1.png","width":1162,"height":750},{"@type":"BreadcrumbList","@id":"https:\/\/stella-musikhochschule.ac.at\/en\/hypo-vorarlberg-und-stella-vorarlberg-setzen-erfolgreiche-partnerschaft-fort#breadcrumb","itemListElement":[{"@type":"ListItem","position":1,"name":"Startseite","item":"https:\/\/stella-musikhochschule.ac.at\/en"},{"@type":"ListItem","position":2,"name":"Hypo Vorarlberg und Stella Vorarlberg setzen erfolgreiche Partnerschaft fort"}]},{"@type":"WebSite","@id":"https:\/\/stella-musikhochschule.ac.at\/#website","url":"https:\/\/stella-musikhochschule.ac.at\/","name":"Stella Vorarlberg","description":"Privathochschule f\u00fcr Musik","publisher":{"@id":"https:\/\/stella-musikhochschule.ac.at\/#organization"},"potentialAction":[{"@type":"SearchAction","target":{"@type":"EntryPoint","urlTemplate":"https:\/\/stella-musikhochschule.ac.at\/?s={search_term_string}"},"query-input":{"@type":"PropertyValueSpecification","valueRequired":true,"valueName":"search_term_string"}}],"inLanguage":"en-US"},{"@type":"Organization","@id":"https:\/\/stella-musikhochschule.ac.at\/#organization","name":"Stella Vorarlberg Privathochschule f\u00fcr Musik","url":"https:\/\/stella-musikhochschule.ac.at\/","logo":{"@type":"ImageObject","inLanguage":"en-US","@id":"https:\/\/stella-musikhochschule.ac.at\/#\/schema\/logo\/image\/","url":"https:\/\/stella-musikhochschule.ac.at\/wp-content\/uploads\/2023\/01\/logo-zusatz.svg","contentUrl":"https:\/\/stella-musikhochschule.ac.at\/wp-content\/uploads\/2023\/01\/logo-zusatz.svg","width":108,"height":57,"caption":"Stella Vorarlberg Privathochschule f\u00fcr Musik"},"image":{"@id":"https:\/\/stella-musikhochschule.ac.at\/#\/schema\/logo\/image\/"},"sameAs":["https:\/\/www.facebook.com\/stellamusikhochschule","http:\/\/www.instagram.com\/stellamusikhochschule","https:\/\/www.youtube.com\/channel\/UCOzOrROMt11QxTxkjmY6NKg","https:\/\/www.tiktok.com\/@stellamusikhochschule","https:\/\/open.spotify.com\/user\/31fs43ork2u3njhtilofu2bk7tue?si=fe62738c70524caa"]},{"@type":"Person","@id":"https:\/\/stella-musikhochschule.ac.at\/#\/schema\/person\/1e574ac44f7050daa7fd23cb94228292","name":"Victor Marin","image":{"@type":"ImageObject","inLanguage":"en-US","@id":"https:\/\/stella-musikhochschule.ac.at\/#\/schema\/person\/image\/","url":"https:\/\/secure.gravatar.com\/avatar\/f8189638f3a03b7822b382425da0318468569fe40d5fbb547d7629eaa2573a21?s=96&d=mm&r=g","contentUrl":"https:\/\/secure.gravatar.com\/avatar\/f8189638f3a03b7822b382425da0318468569fe40d5fbb547d7629eaa2573a21?s=96&d=mm&r=g","caption":"Victor Marin"},"url":"https:\/\/stella-musikhochschule.ac.at\/en\/author\/57a6baf9f34cdf4f"}]}},"_links":{"self":[{"href":"https:\/\/stella-musikhochschule.ac.at\/en\/wp-json\/wp\/v2\/posts\/3170","targetHints":{"allow":["GET"]}}],"collection":[{"href":"https:\/\/stella-musikhochschule.ac.at\/en\/wp-json\/wp\/v2\/posts"}],"about":[{"href":"https:\/\/stella-musikhochschule.ac.at\/en\/wp-json\/wp\/v2\/types\/post"}],"author":[{"embeddable":true,"href":"https:\/\/stella-musikhochschule.ac.at\/en\/wp-json\/wp\/v2\/users\/4"}],"replies":[{"embeddable":true,"href":"https:\/\/stella-musikhochschule.ac.at\/en\/wp-json\/wp\/v2\/comments?post=3170"}],"version-history":[{"count":0,"href":"https:\/\/stella-musikhochschule.ac.at\/en\/wp-json\/wp\/v2\/posts\/3170\/revisions"}],"wp:featuredmedia":[{"embeddable":true,"href":"https:\/\/stella-musikhochschule.ac.at\/en\/wp-json\/wp\/v2\/media\/3169"}],"wp:attachment":[{"href":"https:\/\/stella-musikhochschule.ac.at\/en\/wp-json\/wp\/v2\/media?parent=3170"}],"wp:term":[{"taxonomy":"category","embeddable":true,"href":"https:\/\/stella-musikhochschule.ac.at\/en\/wp-json\/wp\/v2\/categories?post=3170"},{"taxonomy":"post_tag","embeddable":true,"href":"https:\/\/stella-musikhochschule.ac.at\/en\/wp-json\/wp\/v2\/tags?post=3170"}],"curies":[{"name":"wp","href":"https:\/\/api.w.org\/{rel}","templated":true}]}}